{"id":48666,"date":"2022-11-29T17:04:06","date_gmt":"2022-11-29T23:04:06","guid":{"rendered":"http:\/\/www.zonaroja.com.mx\/?p=48666"},"modified":"2022-11-29T17:04:08","modified_gmt":"2022-11-29T23:04:08","slug":"organizaciones-sociales-dan-6-meses-a-jara-cruz-para-que-resuelva-problemas","status":"publish","type":"post","link":"https:\/\/zonaroja.com.mx\/?p=48666","title":{"rendered":"Organizaciones sociales dan 6 meses a Jara Cruz para que resuelva problemas"},"content":{"rendered":"\n<p>Yuridiana Sosa\/Zona Roja.<\/p>\n\n\n\n<p>Oaxaca de Ju\u00e1rez, Oax., 29 de noviembre de 2022.- El gobierno entrante de Salom\u00f3n Jara Cruz, de Morena, es percibido con poca voluntad para resolver las demandas de las organizaciones sociales, por lo que la Red Estatal de V\u00edctimas advirti\u00f3 que permanecer\u00e1n en protestas a\u00fan con la administraci\u00f3n de la llamada Cuarta Transformaci\u00f3n.<\/p>\n\n\n\n<p>Como muestra de su jornada permanente, apuntaron que se unen a la marcha masiva de la Secci\u00f3n 22 del SNTE el pr\u00f3ximo 1 de diciembre, en la capital del estado, para recibir a la nueva administraci\u00f3n de Oaxaca.<\/p>\n\n\n\n<p>En conferencia de prensa, el dirigente estatal del Frente Popular Revolucionario (FPR), Macario Otalo Padilla, apunt\u00f3 que no conf\u00edan en el gobierno entrante en materia de justicia, pues hasta el momento no ven voluntad del equipo de Jara Cruz para resolver los problemas.<\/p>\n\n\n\n<p>Por lo que mantendr\u00e1n su movimiento social en las calles para exigir el cumplimiento de sus demandas, iniciando por el esclarecimiento del asesinato de su dirigente Tom\u00e1s Mart\u00ednez Pinacho, del que faltan dos sentencias y detener a las autoridades intelectuales.<\/p>\n\n\n\n<p>\u201cEl gobierno entrante tiene la soluci\u00f3n en su cancha, demostrar si va a resolver los problemas, como es aplicar justicia de los asesinatos, entre otros hechos violentos\u201d, apunt\u00f3 el dirigente, quien agreg\u00f3 que dan seis meses para tener algunos avances importantes en sus demandas.<\/p>\n\n\n\n<p>Conforme haya avances en las atenciones del gobierno de Morena, ser\u00e1n las acciones que emprendan.<\/p>\n\n\n\n<p>En tanto, que organizaciones que manten\u00edan su \u201cplant\u00f3n\u201d en el z\u00f3calo realizaron un levantamiento parcial de sus puestos de ventas, mientras que el campamento del Comit\u00e9 de V\u00edctimas de Huazantl\u00e1n se moviliz\u00f3 del z\u00f3calo a la asta bandera de la Alameda de Le\u00f3n por acuerdo con autoridades del municipio de Oaxaca de Ju\u00e1rez.<\/p>\n\n\n\n<p>Por su parte, la Uni\u00f3n de Artesanos y Comerciantes Oaxaque\u00f1os en Lucha (UACOL) exigi\u00f3 al gobierno entrante y al municipal, ambos de Morena, habilitar o construir un espacio en el primer cuadro de la ciudad para la reubicaci\u00f3n de sus agremiados dedicados a la venta de diversos productos.<\/p>\n\n\n\n<figure class=\"wp-block-embed is-type-rich is-provider-twitter wp-block-embed-twitter\"><div class=\"wp-block-embed__wrapper\">\n<div class=\"twitter-tweet\"><blockquote class=\"twitter-tweet\" data-lang=\"es\"><p lang=\"es\" dir=\"ltr\"><a href=\"https:\/\/twitter.com\/hashtag\/ENVIVO?src=hash&amp;ref_src=twsrc%5Etfw\">#ENVIVO<\/a><br>Oaxaca de Ju\u00e1rez, Oax., a 29 de noviembre de 2022.- Conferencia de prensa de organizaciones sociales acerca del retiro de puestos del z\u00f3calo de la ciudad de Oaxaca y sobre la sentencia contra el homicida de Tom\u00e1s Mart\u00ednez.<br>Transmisi\u00f3n <br>\ud83d\udc47<a href=\"https:\/\/t.co\/Q45Pq7flmK\">https:\/\/t.co\/Q45Pq7flmK<\/a> <a href=\"https:\/\/t.co\/YSLLlasyJH\">pic.twitter.com\/YSLLlasyJH<\/a><\/p>&mdash; Zona Roja Oaxaca (@ZonaRoja_Oaxaca) <a href=\"https:\/\/twitter.com\/ZonaRoja_Oaxaca\/status\/1597643603983347712?ref_src=twsrc%5Etfw\">29 de noviembre de 2022<\/a><\/blockquote><\/div>\n<\/div><\/figure>\n","protected":false},"excerpt":{"rendered":"<p>Yuridiana Sosa\/Zona Roja. Oaxaca de Ju\u00e1rez, Oax., 29 de noviembre de 2022.- El gobierno entrante&hellip;<\/p>\n","protected":false},"author":2,"featured_media":48668,"comment_status":"closed","ping_status":"open","sticky":false,"template":"","format":"standard","meta":{"_lmt_disableupdate":"","_lmt_disable":"","_jetpack_memberships_contains_paid_content":false,"footnotes":""},"categories":[109,47],"tags":[3331],"class_list":["post-48666","post","type-post","status-publish","format-standard","has-post-thumbnail","hentry","category-minuto-a-minuto","category-zona-gris","tag-red-estatal-de-victimas-tomas-martinez"],"jetpack_featured_media_url":"https:\/\/zonaroja.com.mx\/wp-content\/uploads\/2022\/11\/Conferencia-de-prensa-Red-Estatal-de-Victimas.jpg","jetpack_sharing_enabled":true,"_links":{"self":[{"href":"https:\/\/zonaroja.com.mx\/index.php?rest_route=\/wp\/v2\/posts\/48666","targetHints":{"allow":["GET"]}}],"collection":[{"href":"https:\/\/zonaroja.com.mx\/index.php?rest_route=\/wp\/v2\/posts"}],"about":[{"href":"https:\/\/zonaroja.com.mx\/index.php?rest_route=\/wp\/v2\/types\/post"}],"author":[{"embeddable":true,"href":"https:\/\/zonaroja.com.mx\/index.php?rest_route=\/wp\/v2\/users\/2"}],"replies":[{"embeddable":true,"href":"https:\/\/zonaroja.com.mx\/index.php?rest_route=%2Fwp%2Fv2%2Fcomments&post=48666"}],"version-history":[{"count":1,"href":"https:\/\/zonaroja.com.mx\/index.php?rest_route=\/wp\/v2\/posts\/48666\/revisions"}],"predecessor-version":[{"id":48669,"href":"https:\/\/zonaroja.com.mx\/index.php?rest_route=\/wp\/v2\/posts\/48666\/revisions\/48669"}],"wp:featuredmedia":[{"embeddable":true,"href":"https:\/\/zonaroja.com.mx\/index.php?rest_route=\/wp\/v2\/media\/48668"}],"wp:attachment":[{"href":"https:\/\/zonaroja.com.mx\/index.php?rest_route=%2Fwp%2Fv2%2Fmedia&parent=48666"}],"wp:term":[{"taxonomy":"category","embeddable":true,"href":"https:\/\/zonaroja.com.mx\/index.php?rest_route=%2Fwp%2Fv2%2Fcategories&post=48666"},{"taxonomy":"post_tag","embeddable":true,"href":"https:\/\/zonaroja.com.mx\/index.php?rest_route=%2Fwp%2Fv2%2Ftags&post=48666"}],"curies":[{"name":"wp","href":"https:\/\/api.w.org\/{rel}","templated":true}]}}