{"id":48670,"date":"2022-11-29T17:21:17","date_gmt":"2022-11-29T23:21:17","guid":{"rendered":"http:\/\/www.zonaroja.com.mx\/?p=48670"},"modified":"2022-11-29T20:42:16","modified_gmt":"2022-11-30T02:42:16","slug":"hasta-el-jueves-audiencia-por-caso-claudia-uruchurtu-familia-teme-favoritismos","status":"publish","type":"post","link":"https:\/\/zonaroja.com.mx\/?p=48670","title":{"rendered":"Gobierno brit\u00e1nico estar\u00e1 pendiente de fallo por caso Claudia Uruchurtu"},"content":{"rendered":"\n<p>Ismael Garc\u00eda M.\/Zona Roja.<\/p>\n\n\n\n<p>Oaxaca de Ju\u00e1rez, Oax., a 29 de noviembre de 2022.- El gobierno de la Gran Breta\u00f1a da seguimiento y estar\u00e1 al pendiente del fallo por el caso de desaparici\u00f3n forzada de Claudia Uruchurtu, afirm\u00f3 el representante de la embajada de ese pa\u00eds en M\u00e9xico, Crhis Wall.<\/p>\n\n\n\n<p>El funcionario estuvo este martes en la ciudad de Oaxaca para acompa\u00f1ar a los familiares de la v\u00edctima en la audiencia que se celebr\u00f3 hoy por la tarde y en que se dictar\u00eda la sentencia; no obstante, fue pospuesta debido a que, seg\u00fan la juez, la Secretar\u00eda de Seguridad P\u00fablica no pudo trasladar a dos de las imputadas, entre ellas la ex edil Lizbeth V. H.<\/p>\n\n\n\n<p>El gobierno brit\u00e1nico estar\u00e1 al pendiente de tomar determinaciones contra el Estado mexicano, en caso de que el fallo no sea favorable a su ciudadana, indic\u00f3 el consejero pol\u00edtico de la embajada, en breve entrevista.<\/p>\n\n\n\n<p>Previo a ello, Elizabeth Uruchurtu Cruz, hermana de Claudia, lament\u00f3 la determinaci\u00f3n de la juez Mar\u00eda Teresa Toledo de aplazar la audiencia para el 1 de diciembre pr\u00f3ximo, a las 18:00 horas.<\/p>\n\n\n\n<p>Argument\u00f3 que la Seguridad P\u00fablica le inform\u00f3 que no hab\u00eda polic\u00edas para el traslado de dos de las imputadas; sin embargo, s\u00ed hubo una patrulla para llevar a los otros dos imputados, lo cual resulta inexplicable.<\/p>\n\n\n\n<p>Tras reconocer el trabajo de investigaci\u00f3n de la Fiscal\u00eda General del estado, lament\u00f3 que contin\u00faen los impedimentos para leer la sentencia, al se\u00f1alar que en poder de los jueces ya se encuentran todas las pruebas recabadas de c\u00f3mo y quienes desaparecieron y mataron a Claudia.<\/p>\n\n\n\n<figure class=\"wp-block-embed is-type-rich is-provider-twitter wp-block-embed-twitter\"><div class=\"wp-block-embed__wrapper\">\n<div class=\"twitter-tweet\"><blockquote class=\"twitter-tweet\" data-lang=\"es\"><p lang=\"es\" dir=\"ltr\">El gobierno de la Gran Breta\u00f1a se mantiene al pendiente del caso de Claudia Uruchurtu, ciudadana brit\u00e1nica, y en caso de injusticias, valorar\u00e1 tomar medidas contra M\u00e9xico, dijo hoy en <a href=\"https:\/\/twitter.com\/hashtag\/Oaxaca?src=hash&amp;ref_src=twsrc%5Etfw\">#Oaxaca<\/a> el consejero pol\u00edtico de la Embajada, Chris Wall, quien estuvo en la audiencia. <a href=\"https:\/\/t.co\/BAJlDMJ3cJ\">pic.twitter.com\/BAJlDMJ3cJ<\/a><\/p>&mdash; Zona Roja Oaxaca (@ZonaRoja_Oaxaca) <a href=\"https:\/\/twitter.com\/ZonaRoja_Oaxaca\/status\/1597748433347313664?ref_src=twsrc%5Etfw\">30 de noviembre de 2022<\/a><\/blockquote><\/div>\n<\/div><\/figure>\n\n\n\n<p>\u201cLamentamos much\u00edsimo que el proceso se haya suspendido; no hubo forma de trasladar a las acusadas y la juez decidi\u00f3 que no hab\u00eda las condiciones para dar el fallo del juicio\u201d, expuso.<\/p>\n\n\n\n<p>Record\u00f3 que ha sido una lucha dif\u00edcil, toda vez que es el \u00fanico caso en M\u00e9xico donde se han llevado a juicio a exfuncionarios y servidores p\u00fablicos, por lo que pidi\u00f3 que las investigaciones contin\u00faen apegadas a derecho y no se antepongan intereses pol\u00edticos y personales.<\/p>\n\n\n\n<p>\u00abLa juez Mar\u00eda Teresa Toledo ya tiene todo las pruebas y confiamos en que se dicte sentencia en contra de los implicados\u00bb, dijo Elizabeth Uruchurtu, al se\u00f1alar que el gobernador electo, Salom\u00f3n Jara Cruz, ha sido uno de los principales defensores de Lizbeth V. H, ex edil de Nochixtl\u00e1n y a quien se acusa como la orquestadora del crimen.<\/p>\n\n\n\n<p>Manifest\u00f3 que no conf\u00eda en el pr\u00f3ximo gobierno, toda vez que la ex alcaldesa podr\u00eda salir libre al suponer que contar\u00e1 con la protecci\u00f3n del pr\u00f3ximo mandatario estatal.<\/p>\n\n\n\n<p>\u201cQue el proceso se lleve a cabo conforme a derecho; es lo \u00fanico que pedimos; que por favor no haya ninguna injerencia que no sea el proceso judicial\u201d, dijo, en referencia a funcionarios estatales y\/o del pr\u00f3ximo gobierno.<\/p>\n\n\n\n<p>\u201cComo ustedes saben, el gobernador entrante (Salom\u00f3n Jara ha salido a defender a la ex presidenta de Nochixtl\u00e1n una y otra vez. \u00c9l ha dicho m\u00e1s de una vez que nuestro dolor, nuestra p\u00e9rdida es una mentira, es todo una argucia\u201d, dijo.<\/p>\n\n\n\n<p>Remarc\u00f3:<\/p>\n\n\n\n<p>\u201cYo creo que la Fiscal\u00eda ha hecho su trabajo; los defensores han hecho su trabajo; les repito y les he dicho: sabemos c\u00f3mo se ha llevado a cabo todo el crimen, precisamente por el c\u00famulo de evidencias que se presentaron en esta sala, no entender\u00edamos por qu\u00e9 tendr\u00edan que desestimar a ninguno de ellos\u201d, dijo Elizabeth Uruchurtu.<\/p>\n\n\n\n<p>En este sentido, pidi\u00f3 la intervenci\u00f3n del Presidente Andr\u00e9s Manuel L\u00f3pez Obrador, en qui\u00e9n dijo han depositado su confianza, incluso su hermana Claudia coincid\u00eda con sus ideales, por lo que esperan que este caso no sea juzgado bajo la bandera de la impunidad.<\/p>\n\n\n\n<figure class=\"wp-block-embed is-type-rich is-provider-twitter wp-block-embed-twitter\"><div class=\"wp-block-embed__wrapper\">\n<div class=\"twitter-tweet\"><blockquote class=\"twitter-tweet\" data-lang=\"es\"><p lang=\"es\" dir=\"ltr\"><a href=\"https:\/\/twitter.com\/hashtag\/ENVIVO?src=hash&amp;ref_src=twsrc%5Etfw\">#ENVIVO<\/a><br>Oaxaca de Ju\u00e1rez, Oax., a 29 de noviembre de 2022.- Conferencia de prensa de familiares de Claudia Uruchurtu..<br>Difiere juez audiencia hasta el 1 de diciembre a las 18:00 horas; argumenta que polic\u00edas no pudieron trasladar a dos de las acusadas.<br>\ud83d\udc47<a href=\"https:\/\/t.co\/NY7kUTucIJ\">https:\/\/t.co\/NY7kUTucIJ<\/a> <a href=\"https:\/\/t.co\/8YvXOGB89Z\">pic.twitter.com\/8YvXOGB89Z<\/a><\/p>&mdash; Zona Roja Oaxaca (@ZonaRoja_Oaxaca) <a href=\"https:\/\/twitter.com\/ZonaRoja_Oaxaca\/status\/1597697823155576832?ref_src=twsrc%5Etfw\">29 de noviembre de 2022<\/a><\/blockquote><\/div>\n<\/div><\/figure>\n\n\n\n<p><\/p>\n","protected":false},"excerpt":{"rendered":"<p>Ismael Garc\u00eda M.\/Zona Roja. Oaxaca de Ju\u00e1rez, Oax., a 29 de noviembre de 2022.- El&hellip;<\/p>\n","protected":false},"author":2,"featured_media":48674,"comment_status":"closed","ping_status":"open","sticky":false,"template":"","format":"standard","meta":{"_lmt_disableupdate":"","_lmt_disable":"","_jetpack_memberships_contains_paid_content":false,"footnotes":""},"categories":[109,47],"tags":[2582],"class_list":["post-48670","post","type-post","status-publish","format-standard","has-post-thumbnail","hentry","category-minuto-a-minuto","category-zona-gris","tag-claudia-uruchurtu-cruz"],"jetpack_featured_media_url":"https:\/\/zonaroja.com.mx\/wp-content\/uploads\/2022\/11\/Chris-Wall-embajada-britanica.jpg","jetpack_sharing_enabled":true,"_links":{"self":[{"href":"https:\/\/zonaroja.com.mx\/index.php?rest_route=\/wp\/v2\/posts\/48670","targetHints":{"allow":["GET"]}}],"collection":[{"href":"https:\/\/zonaroja.com.mx\/index.php?rest_route=\/wp\/v2\/posts"}],"about":[{"href":"https:\/\/zonaroja.com.mx\/index.php?rest_route=\/wp\/v2\/types\/post"}],"author":[{"embeddable":true,"href":"https:\/\/zonaroja.com.mx\/index.php?rest_route=\/wp\/v2\/users\/2"}],"replies":[{"embeddable":true,"href":"https:\/\/zonaroja.com.mx\/index.php?rest_route=%2Fwp%2Fv2%2Fcomments&post=48670"}],"version-history":[{"count":2,"href":"https:\/\/zonaroja.com.mx\/index.php?rest_route=\/wp\/v2\/posts\/48670\/revisions"}],"predecessor-version":[{"id":48676,"href":"https:\/\/zonaroja.com.mx\/index.php?rest_route=\/wp\/v2\/posts\/48670\/revisions\/48676"}],"wp:featuredmedia":[{"embeddable":true,"href":"https:\/\/zonaroja.com.mx\/index.php?rest_route=\/wp\/v2\/media\/48674"}],"wp:attachment":[{"href":"https:\/\/zonaroja.com.mx\/index.php?rest_route=%2Fwp%2Fv2%2Fmedia&parent=48670"}],"wp:term":[{"taxonomy":"category","embeddable":true,"href":"https:\/\/zonaroja.com.mx\/index.php?rest_route=%2Fwp%2Fv2%2Fcategories&post=48670"},{"taxonomy":"post_tag","embeddable":true,"href":"https:\/\/zonaroja.com.mx\/index.php?rest_route=%2Fwp%2Fv2%2Ftags&post=48670"}],"curies":[{"name":"wp","href":"https:\/\/api.w.org\/{rel}","templated":true}]}}