{"id":48672,"date":"2022-11-29T20:08:12","date_gmt":"2022-11-30T02:08:12","guid":{"rendered":"http:\/\/www.zonaroja.com.mx\/?p=48672"},"modified":"2022-11-29T20:08:13","modified_gmt":"2022-11-30T02:08:13","slug":"opinion-crimen-ambiental","status":"publish","type":"post","link":"https:\/\/zonaroja.com.mx\/?p=48672","title":{"rendered":"Opini\u00f3n. Crimen ambiental"},"content":{"rendered":"\n<p>N\u00e9stor Y. S\u00e1nchez Islas<\/p>\n\n\n\n<p>En este momento en el mundo existen solo dos movimientos leg\u00edtimos en beneficio de la humanidad porque, de acuerdo con el soci\u00f3logo franc\u00e9s Pierre Bourdieu, no son anti nada, pero est\u00e1n a favor de todos nosotros.&nbsp;<\/p>\n\n\n\n<p>Se trata del movimiento feminista que busca el respeto y reconocimiento pleno de los derechos de las mujeres y el movimiento ecologista, que simplemente trata de salvar nuestro entorno.<\/p>\n\n\n\n<p>Tan poderosos son los movimientos feministas que est\u00e1n haciendo temblar al r\u00e9gimen autocr\u00e1tico iran\u00ed y en M\u00e9xico al propio presidente que manda poner murallas alrededor de su palacio virreinal.&nbsp;<\/p>\n\n\n\n<p>Los movimientos por la salvaci\u00f3n del planeta est\u00e1n logrando&nbsp;dejar atr\u00e1s al petr\u00f3leo y sus poderosas trasnacionales para pasar al consumo de energ\u00edas limpias.<\/p>\n\n\n\n<p>Las pol\u00edticas p\u00fablicas ejecutadas por este gobierno estatal saliente en la promoci\u00f3n del mezcal fueron absolutamente irresponsables. Salieron al mundo a ofrecer un producto respaldados en la cultura local y sus tradiciones ancestrales, pero nunca se hicieron responsables por el da\u00f1o ambiental provocado.<\/p>\n\n\n\n<p>La producci\u00f3n masiva, que ya no es artesanal sino simplemente manual, est\u00e1 acabando con miles de hect\u00e1reas de flora y fauna silvestre.<\/p>\n\n\n\n<p>Las advertencias por la devastaci\u00f3n de la naturaleza&nbsp;en la producci\u00f3n de mezcal no son nuevas, sin embargo, el control del gobierno en la dominancia de la comunicaci\u00f3n social no ha permitido que esas voces trasciendan.<\/p>\n\n\n\n<p>No es necesario ser un experto. Basta con recorrer la carretera al istmo para ver a simple vista la devastaci\u00f3n. Es seguro que detr\u00e1s de esos montes talados existan otros muchos m\u00e1s. El valle de Nejapa est\u00e1 ahora convertido en un sembrad\u00edo de agave a lo largo y ancho&nbsp;de su territorio.<\/p>\n\n\n\n<p>Cerros y ca\u00f1adas deforestados para sembrar agave mezcalero tendr\u00e1n en el corto tiempo consecuencias. As\u00ed como los cultivos de otras plantas necesitan a las abejas para polinizarse, los agaves necesitan de los murci\u00e9lagos para hacerlo. Sn embargo, el h\u00e1bitat natural de ellos&nbsp;est\u00e1 siendo arrasado porque anidan en los propios \u00e1rboles del entorno.&nbsp;<\/p>\n\n\n\n<p>Dentro de un tiempo escucharemos las voces de los mezcaleros clamando ayuda porque ya no hay murci\u00e9lagos, agua o le\u00f1a disponibles. Ellos se la est\u00e1n acabando, pero nosotros, a trav\u00e9s del erario, deberemos pagar el da\u00f1o.<\/p>\n\n\n\n<p>Promover la producci\u00f3n del mezcal es parte de las pol\u00edticas econ\u00f3micas en busca del&nbsp;desarrollo&nbsp;y bienestar&nbsp;para miles de oaxaque\u00f1os que de eso viven, eso no est\u00e1 a discusi\u00f3n.&nbsp;<\/p>\n\n\n\n<p>Esta administraci\u00f3n realiz\u00f3 eventos y construy\u00f3, a medias, algunas obras en beneficio de los mezcaleros, sin embargo, tambi\u00e9n es p\u00fablico que dieron preferencia a ciertas marcas y personajes ligados al poder que recibieron un trato preferencial.&nbsp;<\/p>\n\n\n\n<p>La divisi\u00f3n en el gremio en parte es debido a ese injusto reparto&nbsp;y apropiaci\u00f3n&nbsp;del&nbsp;canonj\u00edasque el nuevo secretario de econom\u00eda entrante deber\u00e1 corregir.&nbsp;<\/p>\n\n\n\n<p>No son recientes, pero algunos datos duros nos ayudar\u00e1n a dimensionar el tama\u00f1o del da\u00f1o que ya nadie puede negar porque es visible y que nadie debe justificar porque el da\u00f1o ambiental y su reflejo en el calentamiento global es palpable.<\/p>\n\n\n\n<p>De acuerdo con la FAO, Organizaci\u00f3n de las Naciones Unidas para la Alimentaci\u00f3n, realizado a mediados de los a\u00f1os 90, hab\u00eda que llevar la le\u00f1a a Matatl\u00e1n desde una distancia promedio de 70 km. Ahora la le\u00f1a debe ser tra\u00edda desde mucho m\u00e1s lejos.<\/p>\n\n\n\n<p>Producir un litro de mezcal requiere un consumo de 35 litros de agua&nbsp;en promedio. Entonces, para la producci\u00f3n anual de&nbsp;8&nbsp;millones de litros de mezcal&nbsp;oaxaque\u00f1o&nbsp;se contaminan 280 millones de litros&nbsp;de agua.&nbsp;<\/p>\n\n\n\n<p>Un mill\u00f3n de litros equivale a una&nbsp;hipot\u00e9tica cisterna de 100&nbsp;x 100&nbsp;metros y otros 100 de profundidad. Se necesitan 280 cisternas&nbsp;del tama\u00f1o de una hect\u00e1rea cada una&nbsp;para&nbsp;suministrar&nbsp;el agua&nbsp;para mantener a Oaxaca como la capital mundial del mezcal.<\/p>\n\n\n\n<p>Otro ejemplo:&nbsp;Un litro de mezcal requiere 10 kg de le\u00f1a en promedio. Seg\u00fan la FAO, con un m3 de madera se producen 125 litros. Un cami\u00f3n de 3 toneladas carga 3 metros c\u00fabicos.&nbsp;<\/p>\n\n\n\n<p>Entonces, producir&nbsp;8&nbsp;millones de litros requiere algo as\u00ed como&nbsp;22&nbsp;mil camiones de tres toneladas cargados de le\u00f1a&nbsp;cada a\u00f1o&nbsp;adem\u00e1s del consumo de combustible propio de los camiones.&nbsp;<\/p>\n\n\n\n<p>La cantidad de madera quemada es enorme, as\u00ed como la cantidad de gases de efecto invernadero que se lanzan&nbsp;a la atm\u00f3sfera. El costo ambiental para Oaxaca&nbsp;podr\u00eda ser irreversible.<\/p>\n\n\n\n<p>La cultura del mezcal est\u00e1 trayendo recursos a Oaxaca al igual que el turismo en general. Es momento de analizar los efectos de lo que crea esa cultura consumista, hedonista e irresponsable que conduce a la b\u00fasqueda de resultados a corto plazo sin tomar en cuenta el da\u00f1o que tendr\u00e1 que corregirse en el futuro.<\/p>\n\n\n\n<p>El gobernador saliente vino&nbsp;a gobernar estas tierras solo como un medio y no como un fin en s\u00ed&nbsp;mismo. Import\u00f3 m\u00e1s la notoriedad que el resultado, la apariencia que el fondo. Ya&nbsp;regresa a su tierra, pero el da\u00f1o ambiental nos lo quedamos&nbsp;aqu\u00ed.<\/p>\n\n\n\n<p>Twitter @nestoryuri<\/p>\n","protected":false},"excerpt":{"rendered":"<p>N\u00e9stor Y. S\u00e1nchez Islas En este momento en el mundo existen solo dos movimientos leg\u00edtimos&hellip;<\/p>\n","protected":false},"author":2,"featured_media":41861,"comment_status":"closed","ping_status":"open","sticky":false,"template":"","format":"standard","meta":{"_lmt_disableupdate":"","_lmt_disable":"","_jetpack_memberships_contains_paid_content":false,"footnotes":""},"categories":[456,109],"tags":[3050],"class_list":["post-48672","post","type-post","status-publish","format-standard","has-post-thumbnail","hentry","category-columna","category-minuto-a-minuto","tag-nestor-yuri-sanchez"],"jetpack_featured_media_url":"https:\/\/zonaroja.com.mx\/wp-content\/uploads\/2022\/05\/Opinion-Nestor-Yuri-Sanchez-Islas.jpg","jetpack_sharing_enabled":true,"_links":{"self":[{"href":"https:\/\/zonaroja.com.mx\/index.php?rest_route=\/wp\/v2\/posts\/48672","targetHints":{"allow":["GET"]}}],"collection":[{"href":"https:\/\/zonaroja.com.mx\/index.php?rest_route=\/wp\/v2\/posts"}],"about":[{"href":"https:\/\/zonaroja.com.mx\/index.php?rest_route=\/wp\/v2\/types\/post"}],"author":[{"embeddable":true,"href":"https:\/\/zonaroja.com.mx\/index.php?rest_route=\/wp\/v2\/users\/2"}],"replies":[{"embeddable":true,"href":"https:\/\/zonaroja.com.mx\/index.php?rest_route=%2Fwp%2Fv2%2Fcomments&post=48672"}],"version-history":[{"count":1,"href":"https:\/\/zonaroja.com.mx\/index.php?rest_route=\/wp\/v2\/posts\/48672\/revisions"}],"predecessor-version":[{"id":48673,"href":"https:\/\/zonaroja.com.mx\/index.php?rest_route=\/wp\/v2\/posts\/48672\/revisions\/48673"}],"wp:featuredmedia":[{"embeddable":true,"href":"https:\/\/zonaroja.com.mx\/index.php?rest_route=\/wp\/v2\/media\/41861"}],"wp:attachment":[{"href":"https:\/\/zonaroja.com.mx\/index.php?rest_route=%2Fwp%2Fv2%2Fmedia&parent=48672"}],"wp:term":[{"taxonomy":"category","embeddable":true,"href":"https:\/\/zonaroja.com.mx\/index.php?rest_route=%2Fwp%2Fv2%2Fcategories&post=48672"},{"taxonomy":"post_tag","embeddable":true,"href":"https:\/\/zonaroja.com.mx\/index.php?rest_route=%2Fwp%2Fv2%2Ftags&post=48672"}],"curies":[{"name":"wp","href":"https:\/\/api.w.org\/{rel}","templated":true}]}}