{"id":48677,"date":"2022-11-29T21:52:16","date_gmt":"2022-11-30T03:52:16","guid":{"rendered":"http:\/\/www.zonaroja.com.mx\/?p=48677"},"modified":"2022-11-29T21:52:17","modified_gmt":"2022-11-30T03:52:17","slug":"el-penultimo-dia-del-sexenio-cerro-tambien-con-protestas","status":"publish","type":"post","link":"https:\/\/zonaroja.com.mx\/?p=48677","title":{"rendered":"El pen\u00faltimo d\u00eda del sexenio cerr\u00f3 tambi\u00e9n con protestas"},"content":{"rendered":"\n<p>Redacci\u00f3n\/Zona Roja.<\/p>\n\n\n\n<p>Oaxaca de Ju\u00e1rez, Oax., a 29 de noviembre de 2022.- El pen\u00faltimo d\u00eda del sexenio del mandatario Alejandro Murat Hinojosa, cerr\u00f3 tambi\u00e9n con protestas en las regiones Valles Centrales, Costa e Istmo de Tehuantepec.<\/p>\n\n\n\n<p>En la capital de Oaxaca fueron al menos tres movilizaciones las que se presentaron, la primera de ellas por parte de ejidatarios de la agencia de Pueblo Nuevo, que demandaban al ayuntamiento local el cumplimiento de obras.<\/p>\n\n\n\n<p>Por lo cual bloquearon por unas horas la carretera Oaxaca-M\u00e9xico, a la altura de esa agencia, al poniente de la ciudad.<\/p>\n\n\n\n<p>Alrededor del mediod\u00eda, integrantes del Frente Popular \u201c14 de Junio\u201d, que a\u00fan encabeza Francisco Hern\u00e1ndez, alias \u201cDon Panchito\u201d, presunto pr\u00f3fugo de la justicia, cerraron el Perif\u00e9rico, en la parte sur de la ciudad.<\/p>\n\n\n\n<p>Lo anterior para reclamar al gobierno estatal que les haya prometido espacios para casetas de venta, pero al final no les cumplieron.<\/p>\n\n\n\n<p>Mientras que en la sede del C-4 de la Secretar\u00eda de Seguridad P\u00fablica de Oaxaca, trabajadores sindicalizados protestaron para exigir a la titular, Dalia Ba\u00f1os Noyola, el cumplimiento a varias demandas laborales.<\/p>\n\n\n\n<p>Asimismo, le demarraron la reposici\u00f3n de mobiliario y equipo de c\u00f3mputo que presuntamente fue sustra\u00eddo, pues aparec\u00eda en el inventario y ahora no se localiza.&nbsp;<\/p>\n\n\n\n<p>En la Costa oaxaque\u00f1a, por segundo d\u00eda transportistas bloquearon la carretera federal 200, a la altura de Pinotepa Nacional, en la exigencia de concesiones, mientras que en Juchit\u00e1n de Zaragoza se suscit\u00f3 una manifestaci\u00f3n de mototaxistas, en la carretera que\u00a0 contra una empresa privada.<\/p>\n\n\n\n<figure class=\"wp-block-embed is-type-rich is-provider-twitter wp-block-embed-twitter\"><div class=\"wp-block-embed__wrapper\">\n<div class=\"twitter-tweet\"><blockquote class=\"twitter-tweet\" data-lang=\"es\"><p lang=\"es\" dir=\"ltr\"><a href=\"https:\/\/twitter.com\/hashtag\/%C3%9AltimoMinuto?src=hash&amp;ref_src=twsrc%5Etfw\">#\u00daltimoMinuto<\/a> <br>3. Hasta en oficinas de la <a href=\"https:\/\/twitter.com\/SSP_GobOax?ref_src=twsrc%5Etfw\">@SSP_GobOax<\/a> hubo protestas, ahora contra la secretaria <a href=\"https:\/\/twitter.com\/DaliaBnoyola?ref_src=twsrc%5Etfw\">@DaliaBnoyola<\/a>, por diverso incumplimientos laborales. <a href=\"https:\/\/t.co\/B1M8oAkwUk\">pic.twitter.com\/B1M8oAkwUk<\/a><\/p>&mdash; Zona Roja Oaxaca (@ZonaRoja_Oaxaca) <a href=\"https:\/\/twitter.com\/ZonaRoja_Oaxaca\/status\/1597684957602009089?ref_src=twsrc%5Etfw\">29 de noviembre de 2022<\/a><\/blockquote><\/div>\n<\/div><\/figure>\n","protected":false},"excerpt":{"rendered":"<p>Redacci\u00f3n\/Zona Roja. Oaxaca de Ju\u00e1rez, Oax., a 29 de noviembre de 2022.- El pen\u00faltimo d\u00eda&hellip;<\/p>\n","protected":false},"author":2,"featured_media":48678,"comment_status":"closed","ping_status":"open","sticky":false,"template":"","format":"standard","meta":{"_lmt_disableupdate":"","_lmt_disable":"","_jetpack_memberships_contains_paid_content":false,"footnotes":""},"categories":[109,47],"tags":[2264],"class_list":["post-48677","post","type-post","status-publish","format-standard","has-post-thumbnail","hentry","category-minuto-a-minuto","category-zona-gris","tag-bloqueos-y-protestas-oaxaca"],"jetpack_featured_media_url":"https:\/\/zonaroja.com.mx\/wp-content\/uploads\/2022\/11\/Bloqueos-Pueblo-Nuevo-ciudad-de-Oaxaca.jpeg","jetpack_sharing_enabled":true,"_links":{"self":[{"href":"https:\/\/zonaroja.com.mx\/index.php?rest_route=\/wp\/v2\/posts\/48677","targetHints":{"allow":["GET"]}}],"collection":[{"href":"https:\/\/zonaroja.com.mx\/index.php?rest_route=\/wp\/v2\/posts"}],"about":[{"href":"https:\/\/zonaroja.com.mx\/index.php?rest_route=\/wp\/v2\/types\/post"}],"author":[{"embeddable":true,"href":"https:\/\/zonaroja.com.mx\/index.php?rest_route=\/wp\/v2\/users\/2"}],"replies":[{"embeddable":true,"href":"https:\/\/zonaroja.com.mx\/index.php?rest_route=%2Fwp%2Fv2%2Fcomments&post=48677"}],"version-history":[{"count":1,"href":"https:\/\/zonaroja.com.mx\/index.php?rest_route=\/wp\/v2\/posts\/48677\/revisions"}],"predecessor-version":[{"id":48679,"href":"https:\/\/zonaroja.com.mx\/index.php?rest_route=\/wp\/v2\/posts\/48677\/revisions\/48679"}],"wp:featuredmedia":[{"embeddable":true,"href":"https:\/\/zonaroja.com.mx\/index.php?rest_route=\/wp\/v2\/media\/48678"}],"wp:attachment":[{"href":"https:\/\/zonaroja.com.mx\/index.php?rest_route=%2Fwp%2Fv2%2Fmedia&parent=48677"}],"wp:term":[{"taxonomy":"category","embeddable":true,"href":"https:\/\/zonaroja.com.mx\/index.php?rest_route=%2Fwp%2Fv2%2Fcategories&post=48677"},{"taxonomy":"post_tag","embeddable":true,"href":"https:\/\/zonaroja.com.mx\/index.php?rest_route=%2Fwp%2Fv2%2Ftags&post=48677"}],"curies":[{"name":"wp","href":"https:\/\/api.w.org\/{rel}","templated":true}]}}