{"id":4868,"date":"2019-10-15T22:20:02","date_gmt":"2019-10-16T03:20:02","guid":{"rendered":"http:\/\/www.zonaroja.com.mx\/?p=4868"},"modified":"2019-10-15T22:20:05","modified_gmt":"2019-10-16T03:20:05","slug":"inician-disputas-en-morena-previo-a-eleccion-de-consejeros","status":"publish","type":"post","link":"https:\/\/zonaroja.com.mx\/?p=4868","title":{"rendered":"Inician disputas en Morena previo a elecci\u00f3n de consejeros"},"content":{"rendered":"\n<p>Redacci\u00f3n\/Zona Roja.<\/p>\n\n\n\n<p>Oaxaca de Ju\u00e1rez, Oax., 15 de octubre\nde 2019.- A unos d\u00edas de iniciar el proceso de elecci\u00f3n de consejeros, integrantes\ndel Colectivo Unidos por la Cuarta Transformaci\u00f3n, pertenecientes a diferentes\ncolonias y convives del municipio de Oaxaca de Ju\u00e1rez, \u202ase manifestaron este\nmartes en las oficinas del partido Movimiento de Regeneraci\u00f3n Nacional, para\nexigir la afiliaci\u00f3n de al menos 60 personas.<\/p>\n\n\n\n<p>Manuel Alvarado Morales, quien dijo ser\nrepresentante del colectivo, asegur\u00f3 que la mayor\u00eda de las personas que forman\nparte de este grupo no aparecen en el padr\u00f3n de militantes de Morena, situaci\u00f3n\nque aseguran se debe solucionar previo al proceso de renovaci\u00f3n de dirigencia\nen curso.<\/p>\n\n\n\n<p>\u201cNo aparecemos en el padr\u00f3n a pesar de que en el 2015 estamos credencializados con el partido, tenemos nuestra credencial del cambio verdadero, estamos esperando a las autoridades del partido porque no podemos permitir quedarnos fuera del proceso electoral interno\u201d, dijo.<\/p>\n\n\n\n<figure class=\"wp-block-embed-twitter wp-block-embed is-type-rich is-provider-twitter\"><div class=\"wp-block-embed__wrapper\">\n<div class=\"twitter-tweet\"><blockquote class=\"twitter-tweet\" data-lang=\"es\"><p lang=\"es\" dir=\"ltr\">Un grupo de aglutinados en el denominado Colectivo Unidos por la Cuarta Transformaci\u00f3n, se apodera de las oficinas del Partido Morena en la ciudad de <a href=\"https:\/\/twitter.com\/hashtag\/Oaxaca?src=hash&amp;ref_src=twsrc%5Etfw\">#Oaxaca<\/a>, para exigir afiliaci\u00f3n de al menos 60 personas, seg\u00fan refieren. <a href=\"https:\/\/t.co\/1IxTEq2B9a\">pic.twitter.com\/1IxTEq2B9a<\/a><\/p>&mdash; Zona Roja Oaxaca (@MexRoja) <a href=\"https:\/\/twitter.com\/MexRoja\/status\/1184137087215386624?ref_src=twsrc%5Etfw\">15 de octubre de 2019<\/a><\/blockquote><\/div>\n<\/div><\/figure>\n\n\n\n<p>Manifest\u00f3 que existen muchas\nirregularidades en la plataforma para corroborar los datos del padr\u00f3n de la\nmilitancia, por lo que aseguran no existen las condiciones para que este fin de\nsemana se lleven a cabo las Asambleas Distritales, como parte de la\nconvocatoria.<\/p>\n\n\n\n<p>As\u00ed mismo, indic\u00f3 que la militancia\ntiene el leg\u00edtimo derecho de participar en el proceso de renovaci\u00f3n de la\ndirigencia, sin embargo existe un inter\u00e9s de las personas que actualmente\ntienen el poder del partido a no permitir la incursi\u00f3n de la bases de Morena<\/p>\n\n\n\n<p>\u201cLos que tienen el poder y el dinero se\ndec\u00edan a coaccionar el voto, mientras que al verdadera militancia nos est\u00e1n\ndejando fuera de esta participaci\u00f3n al interior del partido\u201d, sentenci\u00f3.<\/p>\n\n\n\n<p>Finalmente el grupo de militantes\ninconformes puso de manifiesto que mantendr\u00e1n la toma de las oficinas en los\npr\u00f3ximos d\u00edas exigiendo la anulaci\u00f3n definitiva de la asamblea, debido a la\nfalta de condiciones para que se lleve a cabo.<\/p>\n","protected":false},"excerpt":{"rendered":"<p>Redacci\u00f3n\/Zona Roja. Oaxaca de Ju\u00e1rez, Oax., 15 de octubre de 2019.- A unos d\u00edas de&hellip;<\/p>\n","protected":false},"author":2,"featured_media":4869,"comment_status":"closed","ping_status":"open","sticky":false,"template":"","format":"standard","meta":{"_lmt_disableupdate":"","_lmt_disable":"","_jetpack_memberships_contains_paid_content":false,"footnotes":""},"categories":[109,47],"tags":[871],"class_list":["post-4868","post","type-post","status-publish","format-standard","has-post-thumbnail","hentry","category-minuto-a-minuto","category-zona-gris","tag-partido-morena-oaxaca"],"jetpack_featured_media_url":"https:\/\/zonaroja.com.mx\/wp-content\/uploads\/2019\/10\/IMG_8265.jpg","jetpack_sharing_enabled":true,"_links":{"self":[{"href":"https:\/\/zonaroja.com.mx\/index.php?rest_route=\/wp\/v2\/posts\/4868","targetHints":{"allow":["GET"]}}],"collection":[{"href":"https:\/\/zonaroja.com.mx\/index.php?rest_route=\/wp\/v2\/posts"}],"about":[{"href":"https:\/\/zonaroja.com.mx\/index.php?rest_route=\/wp\/v2\/types\/post"}],"author":[{"embeddable":true,"href":"https:\/\/zonaroja.com.mx\/index.php?rest_route=\/wp\/v2\/users\/2"}],"replies":[{"embeddable":true,"href":"https:\/\/zonaroja.com.mx\/index.php?rest_route=%2Fwp%2Fv2%2Fcomments&post=4868"}],"version-history":[{"count":1,"href":"https:\/\/zonaroja.com.mx\/index.php?rest_route=\/wp\/v2\/posts\/4868\/revisions"}],"predecessor-version":[{"id":4870,"href":"https:\/\/zonaroja.com.mx\/index.php?rest_route=\/wp\/v2\/posts\/4868\/revisions\/4870"}],"wp:featuredmedia":[{"embeddable":true,"href":"https:\/\/zonaroja.com.mx\/index.php?rest_route=\/wp\/v2\/media\/4869"}],"wp:attachment":[{"href":"https:\/\/zonaroja.com.mx\/index.php?rest_route=%2Fwp%2Fv2%2Fmedia&parent=4868"}],"wp:term":[{"taxonomy":"category","embeddable":true,"href":"https:\/\/zonaroja.com.mx\/index.php?rest_route=%2Fwp%2Fv2%2Fcategories&post=4868"},{"taxonomy":"post_tag","embeddable":true,"href":"https:\/\/zonaroja.com.mx\/index.php?rest_route=%2Fwp%2Fv2%2Ftags&post=4868"}],"curies":[{"name":"wp","href":"https:\/\/api.w.org\/{rel}","templated":true}]}}