{"id":48683,"date":"2022-11-30T09:20:00","date_gmt":"2022-11-30T15:20:00","guid":{"rendered":"http:\/\/www.zonaroja.com.mx\/?p=48683"},"modified":"2022-11-30T06:46:10","modified_gmt":"2022-11-30T12:46:10","slug":"desciende-oaxaca-en-ocupacion-laboral-en-octubre-inegi","status":"publish","type":"post","link":"https:\/\/zonaroja.com.mx\/?p=48683","title":{"rendered":"Desciende Oaxaca en ocupaci\u00f3n laboral en octubre: Inegi"},"content":{"rendered":"\n<p>Yuridiana Sosa\/Zona Roja.<\/p>\n\n\n\n<p>Oaxaca de Ju\u00e1rez, Oax., 30 de noviembre de 2022.- La ocupaci\u00f3n laboral en Oaxaca present\u00f3 una disminuci\u00f3n de la Poblaci\u00f3n Econ\u00f3micamente Activa (PEA) al inicio del \u00faltimo trimestre del a\u00f1o, dejando el primer lugar que ocup\u00f3 el mes anterior.<\/p>\n\n\n\n<p>La Encuesta Nacional de&nbsp;Ocupaci\u00f3n&nbsp;y&nbsp;Empleo, Nueva Edici\u00f3n (ENOEN), del Instituto Nacional de Estad\u00edstica y Geograf\u00eda (Inegi), revel\u00f3 que, durante el d\u00e9cimo mes, la entidad report\u00f3 una ocupaci\u00f3n laboral del 98.5 por ciento, ocupando el segundo lugar a nivel nacional, por debajo de Guerrero que registr\u00f3 99.2 por ciento.<\/p>\n\n\n\n<p>El descenso de Oaxaca es de 0.2 por ciento en comparaci\u00f3n a octubre, cuando registr\u00f3 98.7 por ciento y de 0.3 por ciento menos con relaci\u00f3n a octubre de 2021, con 98.8 por ciento.<\/p>\n\n\n\n<p>En los \u00faltimos tres meses la ocupaci\u00f3n ha mostrado constantes cambios para la entidad, pues en agosto report\u00f3 un 98.2 por ciento en ese \u00e1mbito, cuando tambi\u00e9n ocup\u00f3 la segunda posici\u00f3n tras mantener el primer lugar hasta julio, con el 98.8 por ciento de ocupaci\u00f3n de la Poblaci\u00f3n Econ\u00f3micamente Activa.<\/p>\n\n\n\n<p>NACIONAL<\/p>\n\n\n\n<p>Durante octubre, en M\u00e9xico 60.4 millones de personas formaron parte de la poblaci\u00f3n econ\u00f3micamente activa, lo cual fue superior en 1.7 millones de personas en comparaci\u00f3n al mismo mes de 2021.<\/p>\n\n\n\n<p>Las personas subocupadas \u2014que declararon tener necesidad y disponibilidad para trabajar m\u00e1s horas\u2014 fueron 4.4 millones, que implica una disminuci\u00f3n &nbsp;de 1.9 millones de personas con relaci\u00f3n a octubre de 2021.<\/p>\n\n\n\n<p>Mientras que la poblaci\u00f3n desocupada fue de dos millones de personas y la Tasa de Desocupaci\u00f3n (TD) de 3.3 por ciento de la PEA, lo que representa una disminuci\u00f3n respecto a octubre de 2021 en 324 mil personas.<\/p>\n","protected":false},"excerpt":{"rendered":"<p>Yuridiana Sosa\/Zona Roja. Oaxaca de Ju\u00e1rez, Oax., 30 de noviembre de 2022.- La ocupaci\u00f3n laboral&hellip;<\/p>\n","protected":false},"author":2,"featured_media":48685,"comment_status":"closed","ping_status":"open","sticky":false,"template":"","format":"standard","meta":{"_lmt_disableupdate":"","_lmt_disable":"","_jetpack_memberships_contains_paid_content":false,"footnotes":""},"categories":[109,47],"tags":[],"class_list":["post-48683","post","type-post","status-publish","format-standard","has-post-thumbnail","hentry","category-minuto-a-minuto","category-zona-gris"],"jetpack_featured_media_url":"https:\/\/zonaroja.com.mx\/wp-content\/uploads\/2022\/11\/Ocupacion-laboral-empleo.jpeg","jetpack_sharing_enabled":true,"_links":{"self":[{"href":"https:\/\/zonaroja.com.mx\/index.php?rest_route=\/wp\/v2\/posts\/48683","targetHints":{"allow":["GET"]}}],"collection":[{"href":"https:\/\/zonaroja.com.mx\/index.php?rest_route=\/wp\/v2\/posts"}],"about":[{"href":"https:\/\/zonaroja.com.mx\/index.php?rest_route=\/wp\/v2\/types\/post"}],"author":[{"embeddable":true,"href":"https:\/\/zonaroja.com.mx\/index.php?rest_route=\/wp\/v2\/users\/2"}],"replies":[{"embeddable":true,"href":"https:\/\/zonaroja.com.mx\/index.php?rest_route=%2Fwp%2Fv2%2Fcomments&post=48683"}],"version-history":[{"count":1,"href":"https:\/\/zonaroja.com.mx\/index.php?rest_route=\/wp\/v2\/posts\/48683\/revisions"}],"predecessor-version":[{"id":48686,"href":"https:\/\/zonaroja.com.mx\/index.php?rest_route=\/wp\/v2\/posts\/48683\/revisions\/48686"}],"wp:featuredmedia":[{"embeddable":true,"href":"https:\/\/zonaroja.com.mx\/index.php?rest_route=\/wp\/v2\/media\/48685"}],"wp:attachment":[{"href":"https:\/\/zonaroja.com.mx\/index.php?rest_route=%2Fwp%2Fv2%2Fmedia&parent=48683"}],"wp:term":[{"taxonomy":"category","embeddable":true,"href":"https:\/\/zonaroja.com.mx\/index.php?rest_route=%2Fwp%2Fv2%2Fcategories&post=48683"},{"taxonomy":"post_tag","embeddable":true,"href":"https:\/\/zonaroja.com.mx\/index.php?rest_route=%2Fwp%2Fv2%2Ftags&post=48683"}],"curies":[{"name":"wp","href":"https:\/\/api.w.org\/{rel}","templated":true}]}}