{"id":48687,"date":"2022-11-30T06:48:14","date_gmt":"2022-11-30T12:48:14","guid":{"rendered":"http:\/\/www.zonaroja.com.mx\/?p=48687"},"modified":"2022-11-30T06:48:53","modified_gmt":"2022-11-30T12:48:53","slug":"proteger-derechos-humanos-y-defender-constitucion-obligacion-de-jueces-especialistas","status":"publish","type":"post","link":"https:\/\/zonaroja.com.mx\/?p=48687","title":{"rendered":"Proteger derechos humanos y defender Constituci\u00f3n, obligaci\u00f3n de jueces: especialistas"},"content":{"rendered":"\n<p>Redacci\u00f3n\/Zona Roja.<\/p>\n\n\n\n<p>Oaxaca de Ju\u00e1rez, Oax., a 30 de noviembre de 2022.- Desde la Reforma Constitucional del 2011 en M\u00e9xico, las y los jueces est\u00e1n obligados a ser los protectores de los derechos humanos,\u00a0a defender la Carta Magna\u00a0y a respetar los tratados internacionales;\u00a0coincidieron en se\u00f1alar\u00a0especialistas que intervinieron como ponentes\u00a0en el Congreso\u00a0Internacional del Instituto Nacional de Estudios Superiores en Derecho Penal (Indepac), 25 a\u00f1os, que tuvo como sede Oaxaca.\u00a0<\/p>\n\n\n\n<p>Derivado del Convenio de Colaboraci\u00f3n suscrito entre esa instituci\u00f3n y el Poder Judicial de Oaxaca,&nbsp;que preside el magistrado Eduardo Pinacho S\u00e1nchez,&nbsp;con el objetivo de promover la educaci\u00f3n y la difusi\u00f3n de la cultura jur\u00eddica&nbsp;ante los cambios que en los \u00faltimos a\u00f1os se han registrado a nivel nacional e internacional en el marco legal y jur\u00eddico, reconocidos expertos en&nbsp;la materia&nbsp;impartieron conferencias&nbsp;magistrales.<\/p>\n\n\n\n<p>Con el tema \u201cR\u00e9gimen disciplinario e independencia judicial\u201d, intervino el maestro en Derecho, Ricardo Antonio Silva D\u00edaz, ex rector de la Escuela Libre de Derecho y distinguido como uno de los m\u00e1s importantes referentes mexicanos y latinoamericanos de la defensa de la autonom\u00eda de los jueces; en tanto que la doctoraSusana Sanz&nbsp;Caballero, catedr\u00e1tica Jean Monnet de Estudios Europeos&nbsp;y catedr\u00e1tica de derecho internacional p\u00fablico y relaciones internacionales de la Universidad Cardenal, abord\u00f3 \u201cLa influencia de las cortes internacionales de Derechos Humanos en el derecho nacional\u201d.<\/p>\n\n\n\n<p>Sobre \u201cLa plurinacionalidad, el Estado y los Derechos Ind\u00edgenas\u201d, disert\u00f3 la doctora Silvina del Valle Ram\u00edrez, profesora de la Facultad de Derecho de la Universidad de Palermo y de la Universidad de Buenos Aires y con el tema \u201cEl derecho procesal penal y el combate a la delincuencia organizada en Italia\u201d, particip\u00f3 el doctor Carlo&nbsp;Fiorio, catedr\u00e1tico en la Facultad de Derecho de la Universidad de Perugia, Italia y autor de diferentes publicaciones.&nbsp;<\/p>\n\n\n\n<p>El doctor Alberto&nbsp;Binder, condecorado Honoris Causa&nbsp;en el marco del Congreso Internacional,&nbsp;abord\u00f3 el tema \u201cPrueba il\u00edcita y dilaciones procesales\u201d&nbsp;y \u201cUna nueva acci\u00f3n de inconstitucionalidad en M\u00e9xico, estuvo a cargo del doctor Juan Pablo G\u00f3mez Fierro, titular del Juzgado Segundo de Distrito en Materia Administrativa, especializado en competencia econ\u00f3mica, radiodifusi\u00f3n y&nbsp;telecomunicaciones. &nbsp; &nbsp; &nbsp; &nbsp;<\/p>\n\n\n\n<p>Las ponencias se encuentran disponibles para su consulta en las redes sociales del Tribunal Superior de Justicia del Estado.&nbsp;<\/p>\n","protected":false},"excerpt":{"rendered":"<p>Redacci\u00f3n\/Zona Roja. Oaxaca de Ju\u00e1rez, Oax., a 30 de noviembre de 2022.- Desde la Reforma&hellip;<\/p>\n","protected":false},"author":2,"featured_media":48684,"comment_status":"closed","ping_status":"open","sticky":false,"template":"","format":"standard","meta":{"_lmt_disableupdate":"","_lmt_disable":"","_jetpack_memberships_contains_paid_content":false,"footnotes":""},"categories":[109,46],"tags":[223],"class_list":["post-48687","post","type-post","status-publish","format-standard","has-post-thumbnail","hentry","category-minuto-a-minuto","category-zona-blanca","tag-poder-judicial-de-oaxaca"],"jetpack_featured_media_url":"https:\/\/zonaroja.com.mx\/wp-content\/uploads\/2022\/11\/Expertos-compartieron-conocimientos.jpg","jetpack_sharing_enabled":true,"_links":{"self":[{"href":"https:\/\/zonaroja.com.mx\/index.php?rest_route=\/wp\/v2\/posts\/48687","targetHints":{"allow":["GET"]}}],"collection":[{"href":"https:\/\/zonaroja.com.mx\/index.php?rest_route=\/wp\/v2\/posts"}],"about":[{"href":"https:\/\/zonaroja.com.mx\/index.php?rest_route=\/wp\/v2\/types\/post"}],"author":[{"embeddable":true,"href":"https:\/\/zonaroja.com.mx\/index.php?rest_route=\/wp\/v2\/users\/2"}],"replies":[{"embeddable":true,"href":"https:\/\/zonaroja.com.mx\/index.php?rest_route=%2Fwp%2Fv2%2Fcomments&post=48687"}],"version-history":[{"count":2,"href":"https:\/\/zonaroja.com.mx\/index.php?rest_route=\/wp\/v2\/posts\/48687\/revisions"}],"predecessor-version":[{"id":48689,"href":"https:\/\/zonaroja.com.mx\/index.php?rest_route=\/wp\/v2\/posts\/48687\/revisions\/48689"}],"wp:featuredmedia":[{"embeddable":true,"href":"https:\/\/zonaroja.com.mx\/index.php?rest_route=\/wp\/v2\/media\/48684"}],"wp:attachment":[{"href":"https:\/\/zonaroja.com.mx\/index.php?rest_route=%2Fwp%2Fv2%2Fmedia&parent=48687"}],"wp:term":[{"taxonomy":"category","embeddable":true,"href":"https:\/\/zonaroja.com.mx\/index.php?rest_route=%2Fwp%2Fv2%2Fcategories&post=48687"},{"taxonomy":"post_tag","embeddable":true,"href":"https:\/\/zonaroja.com.mx\/index.php?rest_route=%2Fwp%2Fv2%2Ftags&post=48687"}],"curies":[{"name":"wp","href":"https:\/\/api.w.org\/{rel}","templated":true}]}}