{"id":48692,"date":"2022-11-30T12:52:00","date_gmt":"2022-11-30T18:52:00","guid":{"rendered":"http:\/\/www.zonaroja.com.mx\/?p=48692"},"modified":"2022-11-30T06:56:20","modified_gmt":"2022-11-30T12:56:20","slug":"desfilar-desde-el-poder-y-la-devocion-a-san-andres","status":"publish","type":"post","link":"https:\/\/zonaroja.com.mx\/?p=48692","title":{"rendered":"Desfilar desde el poder y la devoci\u00f3n a San Andr\u00e9s"},"content":{"rendered":"\n<p>Gibr\u00e1n Ram\u00edrez Reyes*<\/p>\n\n\n\n<p>La del domingo fue una movilizaci\u00f3n sumamente at\u00edpica, dif\u00edcil de clasificar. Convocada como una marcha, tuvo la fisonom\u00eda, seg\u00fan lo dicho por Arturo Cano, de una gran parada \u2014en medio de la cual desfil\u00f3 al Z\u00f3calo el presidente.<\/p>\n\n\n\n<p>Aunque fue sin duda muy numerosa, no logr\u00f3 llenar la plaza, por una mezcla de mala organizaci\u00f3n, desidia de los movilizados (los del SNTE, por ejemplo, hicieron su recorrido y se marcharon sin esperar ning\u00fan discurso), y las represas generadas entre los r\u00edos humanos por la espera del paso del presidente\u2014 las cuales hac\u00edan pensar, en cada caso, que ahora s\u00ed el camino hasta el Z\u00f3calo se encontraba totalmente taponado.&nbsp;<\/p>\n\n\n\n<p>El gobierno de la Ciudad de M\u00e9xico calcul\u00f3 la asistencia de m\u00e1s de un mill\u00f3n de personas, pero la ansiada foto del r\u00edo de gente fluyendo con pocos espacios desocupados desde el Z\u00f3calo hasta el \u00e1ngel no se present\u00f3 esta vez.&nbsp;<\/p>\n\n\n\n<p>Aunque hubo una operaci\u00f3n conjunta del m\u00e1s rico de los partidos mexicanos con los tres \u00f3rdenes de gobierno, ser\u00eda mezquino decir que se trat\u00f3 \u00fanicamente de una movilizaci\u00f3n de acarreados (y, debo decir, lo era tambi\u00e9n durante el viejo r\u00e9gimen, cuando se descalificaba todo corporativismo desde la izquierda y la derecha).&nbsp;<\/p>\n\n\n\n<p>Ser\u00eda m\u00e1s exacto decir que se represent\u00f3 el bloque en el poder. Hubo una enorme dosis de inter\u00e9s del personal pol\u00edtico: asistieron desde financiadores millonarios y pol\u00edticos encumbrados al frente de sus contingentes, hasta miles de funcionarios y representantes de todo el pa\u00eds que se movilizaron y se hicieron visibles.&nbsp;<\/p>\n\n\n\n<p>Hubo tambi\u00e9n un acarreo masivo de decenas de miles de trabajadoras y trabajadores p\u00fablicos que fueron movilizados sin que su voluntad fuera consultada (pues se trata, a fin de cuentas, de su trabajo).&nbsp;<\/p>\n\n\n\n<p>Y asistieron, tambi\u00e9n, los devotos de San Andr\u00e9s, realmente esperanzados en el hombre, con una fe a prueba de estad\u00edsticas, evidencias period\u00edsticas, a\u00f1os de gobierno.&nbsp;<\/p>\n\n\n\n<p>Parad\u00f3jicamente, los cuatro a\u00f1os celebrados pasaron inadvertidos para el n\u00facleo duro del obradorismo. Las consignas, siendo las mismas de hace a\u00f1os, cambiaron radicalmente su significado.&nbsp;<\/p>\n\n\n\n<p>La m\u00e1s repetida fue que es un honor estar con Obrador, lo que resultaba disruptivo desde la izquierda y desde la oposici\u00f3n.&nbsp;<\/p>\n\n\n\n<p>Lo explico: el honor y la gloria han estado cotidianamente reservados a los poderosos, por eso los militares se saturan de medallas y reconocimientos, los presidentes tienen distintivos y s\u00edmbolos de poder, bandas presidenciales, y reciben saludos y honores institucionalizados todo el tiempo; de modo que decirlo desde la calle y la oposici\u00f3n significaba rebelarse ante un sistema de valores impuesto y simulador.&nbsp;<\/p>\n\n\n\n<p>Decirlo al poder significa alinearse y obedecer. En esta ocasi\u00f3n, a diferencia de entonces, militares y devotos coincidir\u00e1n: qu\u00e9 gran honor estar con Obrador.<\/p>\n\n\n\n<p>Finalmente, aunque la movilizaci\u00f3n se convoc\u00f3 desde la herida del discurso presidencial por la manifestaci\u00f3n en defensa de la autonom\u00eda del INE, no hubo una fuerte reivindicaci\u00f3n p\u00fablica por su parte de la iniciativa en materia de reforma electoral.&nbsp;<\/p>\n\n\n\n<p>De hecho, en las calles y en el discurso, la reforma al INE tuvo un lugar tan protag\u00f3nico como la se\u00f1ora racista que detesta a los indios.&nbsp;<\/p>\n\n\n\n<p>Para su p\u00fablico, la narrativa presidencial es tan importante como las reformas constitucionales.&nbsp;<\/p>\n\n\n\n<p>La marcha, de autoconsumo y \u00fatil como objeto de an\u00e1lisis sociol\u00f3gico, no altera nada relevante en la correlaci\u00f3n de fuerzas ni en el momento de declive&nbsp;del sexenio.<\/p>\n\n\n\n<p>*Doctor en ciencia pol\u00edtica por la UNAM.<\/p>\n","protected":false},"excerpt":{"rendered":"<p>Gibr\u00e1n Ram\u00edrez Reyes* La del domingo fue una movilizaci\u00f3n sumamente at\u00edpica, dif\u00edcil de clasificar. Convocada&hellip;<\/p>\n","protected":false},"author":2,"featured_media":41734,"comment_status":"closed","ping_status":"open","sticky":false,"template":"","format":"standard","meta":{"_lmt_disableupdate":"","_lmt_disable":"","_jetpack_memberships_contains_paid_content":false,"footnotes":""},"categories":[456,109],"tags":[2489],"class_list":["post-48692","post","type-post","status-publish","format-standard","has-post-thumbnail","hentry","category-columna","category-minuto-a-minuto","tag-gibran-ramirez-reyes"],"jetpack_featured_media_url":"https:\/\/zonaroja.com.mx\/wp-content\/uploads\/2022\/05\/Opinion-Gibran-Ramirez-Reyes.jpg","jetpack_sharing_enabled":true,"_links":{"self":[{"href":"https:\/\/zonaroja.com.mx\/index.php?rest_route=\/wp\/v2\/posts\/48692","targetHints":{"allow":["GET"]}}],"collection":[{"href":"https:\/\/zonaroja.com.mx\/index.php?rest_route=\/wp\/v2\/posts"}],"about":[{"href":"https:\/\/zonaroja.com.mx\/index.php?rest_route=\/wp\/v2\/types\/post"}],"author":[{"embeddable":true,"href":"https:\/\/zonaroja.com.mx\/index.php?rest_route=\/wp\/v2\/users\/2"}],"replies":[{"embeddable":true,"href":"https:\/\/zonaroja.com.mx\/index.php?rest_route=%2Fwp%2Fv2%2Fcomments&post=48692"}],"version-history":[{"count":1,"href":"https:\/\/zonaroja.com.mx\/index.php?rest_route=\/wp\/v2\/posts\/48692\/revisions"}],"predecessor-version":[{"id":48693,"href":"https:\/\/zonaroja.com.mx\/index.php?rest_route=\/wp\/v2\/posts\/48692\/revisions\/48693"}],"wp:featuredmedia":[{"embeddable":true,"href":"https:\/\/zonaroja.com.mx\/index.php?rest_route=\/wp\/v2\/media\/41734"}],"wp:attachment":[{"href":"https:\/\/zonaroja.com.mx\/index.php?rest_route=%2Fwp%2Fv2%2Fmedia&parent=48692"}],"wp:term":[{"taxonomy":"category","embeddable":true,"href":"https:\/\/zonaroja.com.mx\/index.php?rest_route=%2Fwp%2Fv2%2Fcategories&post=48692"},{"taxonomy":"post_tag","embeddable":true,"href":"https:\/\/zonaroja.com.mx\/index.php?rest_route=%2Fwp%2Fv2%2Ftags&post=48692"}],"curies":[{"name":"wp","href":"https:\/\/api.w.org\/{rel}","templated":true}]}}