{"id":48697,"date":"2022-11-30T13:27:00","date_gmt":"2022-11-30T19:27:00","guid":{"rendered":"http:\/\/www.zonaroja.com.mx\/?p=48697"},"modified":"2022-11-30T08:03:54","modified_gmt":"2022-11-30T14:03:54","slug":"centro-de-congresos-de-huatulco-costo-300-mpd-y-quedo-inconcluso","status":"publish","type":"post","link":"https:\/\/zonaroja.com.mx\/?p=48697","title":{"rendered":"Centro de congresos de Huatulco cost\u00f3 300 mpd\u2026 y qued\u00f3 inconcluso"},"content":{"rendered":"\n<p>Redacci\u00f3n\/Zona Roja.<\/p>\n\n\n\n<p>Oaxaca de Ju\u00e1rez, Oax., a 30 de noviembre de 2022.- El proyecto inici\u00f3 en el a\u00f1o 2019 con un proyecto de inversi\u00f3n de 70 millones de pesos; a comienzos del 2021 creci\u00f3 a 130 millones de pesos y finalmente cost\u00f3 322.53 millones de pesos.<\/p>\n\n\n\n<p>Y a pesar de la cuantiosa inversi\u00f3n, recursos que corresponden a una deuda p\u00fablica, el Centro de Congresos de Huatulco fue inaugurado ayer sin haberse concluid. Adem\u00e1s, en la construcci\u00f3n ha registrado dos fallecimientos de obreros, por accidentes a\u00fan no esclarecidos.<\/p>\n\n\n\n<p>De acuerdo con el periodista Omar Gasga, durante el acto que encabez\u00f3 ayer el gobernador Alejandro Murat Hinojosa, un tractocami\u00f3n con generadores provey\u00f3 energ\u00eda el\u00e9ctrica para la iluminaci\u00f3n.<\/p>\n\n\n\n<p>Adem\u00e1s, seg\u00fan el mandatario, el recinto tiene capacidad para dos mil personas y con el uso del \u00e1rea exterior, podr\u00eda crecer hasta 15 mil personas; no obstante, s\u00f3lo tiene instaladas mil 277 butacas.<\/p>\n\n\n\n<p>La iniciativa comenz\u00f3 como Centro de Convenciones, con una propuesta de 70 millones de pesos, de acuerdo con la justificaci\u00f3n que el mandatario estatal present\u00f3 en 2019 al Congreso del Estado de Oaxaca, cuando le autorizaron contratar deuda por tres mil 500 millones de pesos para proyectos de desarrollo.&nbsp;<\/p>\n\n\n\n<p>Sin embargo, para inicios del 2021 el titular de la Secretar\u00eda de las Infraestructuras, Javier Lazcano, ya habl\u00f3&nbsp; de un Centro de Congresos por un monto de 130 millones de pesos.<\/p>\n\n\n\n<p>A finales del 2021 el mismo funcionario hizo p\u00fablico que en el inmueble se estaban invirtiendo m\u00e1s de 320 millones de pesos, cuando los trabajos apenas estaban en la fase de perforaci\u00f3n para pilotes.<\/p>\n\n\n\n<p>A escasas semanas de acabarse el sexenio el recinto empez\u00f3 a ser denominado simplemente como \u00abForo Huatulco\u00bb y, a decir del mismo gobernador, aun faltan 40 millones de pesos para su terminaci\u00f3n.<\/p>\n\n\n\n<p>\u201cEl inmueble lo pudieron construir en otro espacio y hacerlo sostenible, para adaptarlo al discurso oficial de que Huatulco es un destino tur\u00edstico sustentable\u201d, refiri\u00f3 Omar Gasga.<\/p>\n\n\n\n<p>A \u00e9ste, aparte de no contar con un solo panel solar en su techo, ahora le han creado un \u00e1rea empastada que va a requerir de miles de litros de agua al a\u00f1o para su riego.<\/p>\n\n\n\n<p>\u201cDe su costo anual de operaci\u00f3n, bajo qu\u00e9 r\u00e9gimen de&nbsp; administraci\u00f3n estar\u00e1 y la utilidad que tendr\u00e1&#8230; no hay ninguna informaci\u00f3n p\u00fablica hasta ahora\u201d, detall\u00f3.<\/p>\n\n\n\n<p>LA CONTRAPARTE<\/p>\n\n\n\n<p>De acuerdo con un comunicado de prensa, Murat Hinojosa inaugur\u00f3 ayer \u201cla primera etapa\u201d del complejo denominado Centro de Congresos de Huatulco.<\/p>\n\n\n\n<p>\u201cEste espacio ha requerido de una inversi\u00f3n de 322.53 millones de pesos y servir\u00e1 como un centro de atracci\u00f3n tur\u00edstica de diferentes sectores, con el equipamiento necesario para la celebraci\u00f3n de diversos eventos en uno de los mejores destinos tur\u00edsticos de Oaxaca y del pa\u00eds\u201d.<\/p>\n\n\n\n<p>Detall\u00f3 que cuenta con los espacios requeridos para ser un centro de negocios y de esa manera ser sede de muestras y exhibiciones empresariales, acad\u00e9micas o gremiales, con espacios como salones con capacidad hasta para 150 personas.<\/p>\n\n\n\n<p>Asimismo, salas de prensa, salones multifuncionales, oficinas privadas y salas de juntas.&nbsp;<\/p>\n\n\n\n<p>Adem\u00e1s, las oficinas administrativas de la Marina Chahu\u00e9, de car\u00e1cter p\u00fablico y al servicio de las actividades de navegaci\u00f3n tur\u00edstica y comercial, seguir\u00e1n operando en el nuevo conjunto.<\/p>\n\n\n\n<p>En tanto, el auditorio principal, de aproximadamente mil 580 metros cuadrados y con capacidad para mil 285 personas, contar\u00e1 con los espacios que permitan la realizaci\u00f3n de eventos de importancia y calidad internacional a nivel cultural y art\u00edstica.&nbsp;<\/p>\n\n\n\n<p>\u201cEntre los espacios que lo conformar\u00e1n, se encuentran un escenario dise\u00f1ado con base en los mejores referentes de ac\u00fastica e iluminaci\u00f3n; espacios t\u00e9cnicos y salas de montaje, as\u00ed como camerinos grupales e individuales\u201d, refiere el comunicado.<\/p>\n","protected":false},"excerpt":{"rendered":"<p>Redacci\u00f3n\/Zona Roja. Oaxaca de Ju\u00e1rez, Oax., a 30 de noviembre de 2022.- El proyecto inici\u00f3&hellip;<\/p>\n","protected":false},"author":2,"featured_media":48698,"comment_status":"closed","ping_status":"open","sticky":false,"template":"","format":"standard","meta":{"_lmt_disableupdate":"","_lmt_disable":"","_jetpack_memberships_contains_paid_content":false,"footnotes":""},"categories":[109,47],"tags":[173],"class_list":["post-48697","post","type-post","status-publish","format-standard","has-post-thumbnail","hentry","category-minuto-a-minuto","category-zona-gris","tag-alejandro-murat-hinojosa"],"jetpack_featured_media_url":"https:\/\/zonaroja.com.mx\/wp-content\/uploads\/2022\/11\/Centro-de-congresos-Huatulco.jpeg","jetpack_sharing_enabled":true,"_links":{"self":[{"href":"https:\/\/zonaroja.com.mx\/index.php?rest_route=\/wp\/v2\/posts\/48697","targetHints":{"allow":["GET"]}}],"collection":[{"href":"https:\/\/zonaroja.com.mx\/index.php?rest_route=\/wp\/v2\/posts"}],"about":[{"href":"https:\/\/zonaroja.com.mx\/index.php?rest_route=\/wp\/v2\/types\/post"}],"author":[{"embeddable":true,"href":"https:\/\/zonaroja.com.mx\/index.php?rest_route=\/wp\/v2\/users\/2"}],"replies":[{"embeddable":true,"href":"https:\/\/zonaroja.com.mx\/index.php?rest_route=%2Fwp%2Fv2%2Fcomments&post=48697"}],"version-history":[{"count":1,"href":"https:\/\/zonaroja.com.mx\/index.php?rest_route=\/wp\/v2\/posts\/48697\/revisions"}],"predecessor-version":[{"id":48699,"href":"https:\/\/zonaroja.com.mx\/index.php?rest_route=\/wp\/v2\/posts\/48697\/revisions\/48699"}],"wp:featuredmedia":[{"embeddable":true,"href":"https:\/\/zonaroja.com.mx\/index.php?rest_route=\/wp\/v2\/media\/48698"}],"wp:attachment":[{"href":"https:\/\/zonaroja.com.mx\/index.php?rest_route=%2Fwp%2Fv2%2Fmedia&parent=48697"}],"wp:term":[{"taxonomy":"category","embeddable":true,"href":"https:\/\/zonaroja.com.mx\/index.php?rest_route=%2Fwp%2Fv2%2Fcategories&post=48697"},{"taxonomy":"post_tag","embeddable":true,"href":"https:\/\/zonaroja.com.mx\/index.php?rest_route=%2Fwp%2Fv2%2Ftags&post=48697"}],"curies":[{"name":"wp","href":"https:\/\/api.w.org\/{rel}","templated":true}]}}