{"id":48700,"date":"2022-11-30T08:20:41","date_gmt":"2022-11-30T14:20:41","guid":{"rendered":"http:\/\/www.zonaroja.com.mx\/?p=48700"},"modified":"2022-11-30T08:20:43","modified_gmt":"2022-11-30T14:20:43","slug":"la-suprema-corte-de-justicia-avala-labor-del-ejercito-en-seguridad-publica","status":"publish","type":"post","link":"https:\/\/zonaroja.com.mx\/?p=48700","title":{"rendered":"La Suprema Corte de Justicia avala labor del Ej\u00e9rcito en seguridad p\u00fablica"},"content":{"rendered":"\n<p>Redacci\u00f3n\/Zona Roja Cdmx.<\/p>\n\n\n\n<p>Ciudad de M\u00e9xico, a 30 de noviembre de 2022.- La Suprema Corte de Justicia de la Naci\u00f3n dio su aval al decreto presidencial que permite la participaci\u00f3n de las fuerzas armadas en tareas civiles de seguridad p\u00fablica en M\u00e9xico.<\/p>\n\n\n\n<p>Ello, acotado \u201cde manera extraordinaria, regulada, fiscalizada subordinada y complementaria con la Guardia Nacional\u201d.<\/p>\n\n\n\n<p>El proyecto que present\u00f3 la magistrada Margarita R\u00edos Farjat obtuvo ocho votos totalmente a favor, uno parcial, del ministro Alberto P\u00e9rez Day\u00e1n, y dos totalmente en contra.<\/p>\n\n\n\n<p>La ministra Yasm\u00edn Esquivel Mossa, quien apoy\u00f3 la propuesta, destac\u00f3 que la ciudadan\u00eda demanda paz, seguridad y justicia, y que para ello es indispensable la participaci\u00f3n de las fuerzas armadas, cuya intervenci\u00f3n en temas de seguridad p\u00fablica est\u00e1 autorizada en la Constituci\u00f3n para caso extraordinarios.<\/p>\n\n\n\n<p>En contra del proyecto, el ministro Luis Mar\u00eda Aguilar Morales expuso que el acuerdo presidencial impugnado no justifica las razones del despliegue militar: \u201cno se expone raz\u00f3n que de manera motivada explique el porqu\u00e9 es necesaria la participaci\u00f3n de la fuerza armada permanente en funciones de seguridad p\u00fablica (\u2026) durante muchos a\u00f1os han sido las propias fuerzas armadas las que han solicitado que se expidan reglas claras para su actuar en dichas tareas, por lo que reviste de fundamental importancia la exigencia de que toda orden, disposici\u00f3n o norma en ese sentido sea expl\u00edcita, precisa y clara para poder cumplirse\u201d.<\/p>\n\n\n\n<p>Al final de la discusi\u00f3n, el presidente del m\u00e1ximo tribunal, Arturo Zald\u00edvar, acot\u00f3: \u201cEl hecho de que esta Suprema Corte valide la participaci\u00f3n de las fuerzas armadas en tareas de seguridad, hasta en tanto otras instituciones de car\u00e1cter civil, como la Guardia Nacional, concluyen su integraci\u00f3n y adiestramiento, de ninguna manera significa que este tribunal est\u00e9 autorizando la militarizaci\u00f3n de la seguridad p\u00fablica; tanto la Constituci\u00f3n con posterioridad de la reforma de 2019 y el acuerdo son muy claros: la participaci\u00f3n de las fuerzas armadas en materia de seguridad ciudadana, adem\u00e1s de ser temporal, debe ser extraordinaria, suplementaria y subordinada\u201d<\/p>\n\n\n\n<p>(Con informaci\u00f3n de \u201cLa Jornada\u201d)<\/p>\n","protected":false},"excerpt":{"rendered":"<p>Redacci\u00f3n\/Zona Roja Cdmx. Ciudad de M\u00e9xico, a 30 de noviembre de 2022.- La Suprema Corte&hellip;<\/p>\n","protected":false},"author":2,"featured_media":12281,"comment_status":"closed","ping_status":"open","sticky":false,"template":"","format":"standard","meta":{"_lmt_disableupdate":"","_lmt_disable":"","_jetpack_memberships_contains_paid_content":false,"footnotes":""},"categories":[109,47],"tags":[708],"class_list":["post-48700","post","type-post","status-publish","format-standard","has-post-thumbnail","hentry","category-minuto-a-minuto","category-zona-gris","tag-ejercito-mexicano"],"jetpack_featured_media_url":"https:\/\/zonaroja.com.mx\/wp-content\/uploads\/2020\/05\/AMLO-Ej\u00e9rcito.jpg","jetpack_sharing_enabled":true,"_links":{"self":[{"href":"https:\/\/zonaroja.com.mx\/index.php?rest_route=\/wp\/v2\/posts\/48700","targetHints":{"allow":["GET"]}}],"collection":[{"href":"https:\/\/zonaroja.com.mx\/index.php?rest_route=\/wp\/v2\/posts"}],"about":[{"href":"https:\/\/zonaroja.com.mx\/index.php?rest_route=\/wp\/v2\/types\/post"}],"author":[{"embeddable":true,"href":"https:\/\/zonaroja.com.mx\/index.php?rest_route=\/wp\/v2\/users\/2"}],"replies":[{"embeddable":true,"href":"https:\/\/zonaroja.com.mx\/index.php?rest_route=%2Fwp%2Fv2%2Fcomments&post=48700"}],"version-history":[{"count":1,"href":"https:\/\/zonaroja.com.mx\/index.php?rest_route=\/wp\/v2\/posts\/48700\/revisions"}],"predecessor-version":[{"id":48701,"href":"https:\/\/zonaroja.com.mx\/index.php?rest_route=\/wp\/v2\/posts\/48700\/revisions\/48701"}],"wp:featuredmedia":[{"embeddable":true,"href":"https:\/\/zonaroja.com.mx\/index.php?rest_route=\/wp\/v2\/media\/12281"}],"wp:attachment":[{"href":"https:\/\/zonaroja.com.mx\/index.php?rest_route=%2Fwp%2Fv2%2Fmedia&parent=48700"}],"wp:term":[{"taxonomy":"category","embeddable":true,"href":"https:\/\/zonaroja.com.mx\/index.php?rest_route=%2Fwp%2Fv2%2Fcategories&post=48700"},{"taxonomy":"post_tag","embeddable":true,"href":"https:\/\/zonaroja.com.mx\/index.php?rest_route=%2Fwp%2Fv2%2Ftags&post=48700"}],"curies":[{"name":"wp","href":"https:\/\/api.w.org\/{rel}","templated":true}]}}