{"id":48708,"date":"2022-11-30T16:55:38","date_gmt":"2022-11-30T22:55:38","guid":{"rendered":"http:\/\/www.zonaroja.com.mx\/?p=48708"},"modified":"2022-11-30T16:55:40","modified_gmt":"2022-11-30T22:55:40","slug":"gobierne-quien-gobierne-los-derechos-se-defienden-seccion-22-a-jara-cruz","status":"publish","type":"post","link":"https:\/\/zonaroja.com.mx\/?p=48708","title":{"rendered":"\u201cGobierne quien gobierne, los derechos se defienden\u201d: Secci\u00f3n 22 a Jara Cruz"},"content":{"rendered":"\n<p>Yuridiana Sosa\/Zona Roja.<\/p>\n\n\n\n<p>Oaxaca de Ju\u00e1rez, Oax., 30 de noviembre de 2022.- La Secci\u00f3n 22 del Sindicato Nacional de Trabajadores de la Educaci\u00f3n (SNTE) reafirm\u00f3 que recuperar\u00e1 su estrategia de lucha a trav\u00e9s de las movilizaciones, a pesar de la llegada de un gobierno emanado de Morena.<\/p>\n\n\n\n<p>Durante su primera conferencia de prensa, ofrecida este mi\u00e9rcoles, la nueva dirigencia de la Secci\u00f3n 22 \u2014adherida a la Coordinadora Nacional de Trabajadores de la Educaci\u00f3n (CNTE)\u2014 se\u00f1al\u00f3 que su primera marcha, a realizarse este 1 de diciembre, ser\u00e1 para exigir una mesa de negociaci\u00f3n a Salom\u00f3n Jara Cruz, quien rinde protesta como gobernador este jueves.<\/p>\n\n\n\n<p>\u201cDejamos claro que la Secci\u00f3n 22 recuperar\u00e1 su objetivo de lucha, organizaci\u00f3n y disciplina. No somos moneda de cambio y gobierne quien gobierne, los derechos se defienden\u201d, sentenci\u00f3 la nueva lideresa sindical, Yenny Aracely P\u00e9rez Mart\u00ednez.<\/p>\n\n\n\n<p>Tras el pronunciamiento de Jara Cruz por el relevo seccional, la nueva secretaria General apunt\u00f3 que hasta el momento no existe ning\u00fan acercamiento real entre el gobierno entrante y la gremial, por lo que la marcha ser\u00e1 en raz\u00f3n de demostrar que el movimiento sigue vivo y busca atenci\u00f3n a sus demandas pendientes.<\/p>\n\n\n\n<figure class=\"wp-block-embed is-type-rich is-provider-twitter wp-block-embed-twitter\"><div class=\"wp-block-embed__wrapper\">\n<div class=\"twitter-tweet\"><blockquote class=\"twitter-tweet\" data-lang=\"es\"><p lang=\"es\" dir=\"ltr\"><a href=\"https:\/\/twitter.com\/hashtag\/%C3%9AltimoMinuto?src=hash&amp;ref_src=twsrc%5Etfw\">#\u00daltimoMinuto<\/a><br>Primera conferencia de la secretaria General de la Secci\u00f3n 22 del SNTE, Yenny Aracely P\u00e9rez Mart\u00ednez. <br>Confirma movilizaci\u00f3n masiva este 1 de diciembre. <br>Exigen mesa de di\u00e1logo con el pr\u00f3ximo gobernador <a href=\"https:\/\/twitter.com\/salomonj?ref_src=twsrc%5Etfw\">@salomonj<\/a>.<br>Reanudar\u00e1n lucha social y apoyo a causas populares. <a href=\"https:\/\/t.co\/D8WUZzbpzt\">pic.twitter.com\/D8WUZzbpzt<\/a><\/p>&mdash; Zona Roja Oaxaca (@ZonaRoja_Oaxaca) <a href=\"https:\/\/twitter.com\/ZonaRoja_Oaxaca\/status\/1598055288976060417?ref_src=twsrc%5Etfw\">30 de noviembre de 2022<\/a><\/blockquote><\/div>\n<\/div><\/figure>\n\n\n\n<p>Entre los asuntos de urgente atenci\u00f3n, apunt\u00f3, se encuentran pagos por adeudos a trabajadores, incidencias administrativas; atenci\u00f3n a la infraestructura escolar, seguridad social; asuntos de egresados normalistas, jubilados, reconocimientos de espacios, entre otros.<\/p>\n\n\n\n<p>P\u00e9rez Mart\u00ednez indic\u00f3 que este jueves dar\u00e1n su posicionamiento pol\u00edtico en el marco de la llegada del nuevo gobierno del estado.<\/p>\n\n\n\n<p>As\u00ed como en pr\u00f3ximas ocasiones dar\u00e1 respuesta a dudas sobre asuntos legales relacionados a la toma de nota y plazas, pues se encuentran en proceso de reorganizaci\u00f3n.<\/p>\n\n\n\n<p>La Secci\u00f3n 22 del SNTE realizar\u00e1 una marcha masiva del crucero de Trinidad de Viguera, de Oaxaca de Ju\u00e1rez, al z\u00f3calo capitalino, a partir de las 09:00 horas.<\/p>\n\n\n\n<p>A la movilizaci\u00f3n se suman decenas de organizaciones sociales para demostrar al gobernador entrante, Salom\u00f3n Jara, que el partido Moreno no representa el silencio de los grupos, ni comunidades.<\/p>\n","protected":false},"excerpt":{"rendered":"<p>Yuridiana Sosa\/Zona Roja. Oaxaca de Ju\u00e1rez, Oax., 30 de noviembre de 2022.- La Secci\u00f3n 22&hellip;<\/p>\n","protected":false},"author":2,"featured_media":48709,"comment_status":"closed","ping_status":"open","sticky":false,"template":"","format":"standard","meta":{"_lmt_disableupdate":"","_lmt_disable":"","_jetpack_memberships_contains_paid_content":false,"footnotes":""},"categories":[109,46],"tags":[312],"class_list":["post-48708","post","type-post","status-publish","format-standard","has-post-thumbnail","hentry","category-minuto-a-minuto","category-zona-blanca","tag-seccion-22-del-snte"],"jetpack_featured_media_url":"https:\/\/zonaroja.com.mx\/wp-content\/uploads\/2022\/11\/Conferencia-de-prensa-Seccion-22-del-SNTE.jpg","jetpack_sharing_enabled":true,"_links":{"self":[{"href":"https:\/\/zonaroja.com.mx\/index.php?rest_route=\/wp\/v2\/posts\/48708","targetHints":{"allow":["GET"]}}],"collection":[{"href":"https:\/\/zonaroja.com.mx\/index.php?rest_route=\/wp\/v2\/posts"}],"about":[{"href":"https:\/\/zonaroja.com.mx\/index.php?rest_route=\/wp\/v2\/types\/post"}],"author":[{"embeddable":true,"href":"https:\/\/zonaroja.com.mx\/index.php?rest_route=\/wp\/v2\/users\/2"}],"replies":[{"embeddable":true,"href":"https:\/\/zonaroja.com.mx\/index.php?rest_route=%2Fwp%2Fv2%2Fcomments&post=48708"}],"version-history":[{"count":1,"href":"https:\/\/zonaroja.com.mx\/index.php?rest_route=\/wp\/v2\/posts\/48708\/revisions"}],"predecessor-version":[{"id":48710,"href":"https:\/\/zonaroja.com.mx\/index.php?rest_route=\/wp\/v2\/posts\/48708\/revisions\/48710"}],"wp:featuredmedia":[{"embeddable":true,"href":"https:\/\/zonaroja.com.mx\/index.php?rest_route=\/wp\/v2\/media\/48709"}],"wp:attachment":[{"href":"https:\/\/zonaroja.com.mx\/index.php?rest_route=%2Fwp%2Fv2%2Fmedia&parent=48708"}],"wp:term":[{"taxonomy":"category","embeddable":true,"href":"https:\/\/zonaroja.com.mx\/index.php?rest_route=%2Fwp%2Fv2%2Fcategories&post=48708"},{"taxonomy":"post_tag","embeddable":true,"href":"https:\/\/zonaroja.com.mx\/index.php?rest_route=%2Fwp%2Fv2%2Ftags&post=48708"}],"curies":[{"name":"wp","href":"https:\/\/api.w.org\/{rel}","templated":true}]}}