{"id":48711,"date":"2022-11-30T18:13:25","date_gmt":"2022-12-01T00:13:25","guid":{"rendered":"http:\/\/www.zonaroja.com.mx\/?p=48711"},"modified":"2022-11-30T18:13:55","modified_gmt":"2022-12-01T00:13:55","slug":"cierra-sexenio-priista-con-dos-asesinados-a-balazos-y-un-cuerpo-putrefacto-en-playa","status":"publish","type":"post","link":"https:\/\/zonaroja.com.mx\/?p=48711","title":{"rendered":"Cierra sexenio priista con dos asesinados a balazos y un cuerpo putrefacto en playa"},"content":{"rendered":"\n<p>Ismael Garc\u00eda M.\/Zona Roja. <\/p>\n\n\n\n<p>Oaxaca de Ju\u00e1rez, Oax., 30 de noviembre de 2022.- En el \u00faltimo d\u00eda del sexenio del priista Alejandro Murat Hinojosa, dos personas fueron asesinadas, mientras que en la Costa fue hallado un cuerpo sin vida, en estado de putrefacci\u00f3n.<\/p>\n\n\n\n<p>En la colonia La Cieneguita de la agencia de Cinco Se\u00f1ores, en la capital del estado, fue asesinada una persona de aproximadamente 62 a\u00f1os de edad, cuando se desplazaba por la calle Corpus Christi.<\/p>\n\n\n\n<p>La v\u00edctima, identificada como Ren\u00e9 J. D., cay\u00f3 al instante; param\u00e9dicos del Heroico Cuerpo de Bomberos arribaron al sitio y le dieron los primeros auxilios pero ya no fue posible salvarle la vida.<\/p>\n\n\n\n<p>A pesar de que fue cerca de las nueve de la ma\u00f1ana, no hab\u00eda polic\u00edas municipales en la zona, por lo cual no pudieron perseguir al o a los agresores.<\/p>\n\n\n\n<p>Este es el cuarto crimen en menos de una semana en Oaxaca de Ju\u00e1rez, donde las estrategias de seguridad en el \u00e1rea que preside Ra\u00fal \u00c1vila Ibarra no han dado resultados.<\/p>\n\n\n\n<p>TERCERO EN SALINA CRUZ<\/p>\n\n\n\n<p>Tambi\u00e9n esta ma\u00f1ana, pero en el municipio de Salina Cruz, por tercer d\u00eda ocurri\u00f3 un asesinato.<\/p>\n\n\n\n<p>Fue en la vivienda ubicada en la calle Divisi\u00f3n del Norte, de la colonia San Miguelito, en que sujetos armados ultimaron a una persona del sexo masculino.<\/p>\n\n\n\n<p>La v\u00edctima fue identificada posteriormente como Jaime Josu\u00e9 G. L., de aproximadamente 36 a\u00f1os de edad. Tampoco hay personas detenidas por este homicidio doloso.<\/p>\n\n\n\n<p>Mientras que en la playa Zicatela de Puerto Escondido, Oaxaca, fue localizado un cuerpo en estado de putrefacci\u00f3n, que flotaba en el mar. La v\u00edctima \u00fanicamente porta un anillo y un calcet\u00edn .<\/p>\n\n\n\n<p>A\u00fan se desconoce su identidad debido a que las corporaciones de seguridad no tienen reportes de personas desaparecidas o ahogadas recientemente en la zona.<\/p>\n\n\n\n<figure class=\"wp-block-embed is-type-rich is-provider-twitter wp-block-embed-twitter\"><div class=\"wp-block-embed__wrapper\">\n<div class=\"twitter-tweet\"><blockquote class=\"twitter-tweet\" data-lang=\"es\"><p lang=\"es\" dir=\"ltr\"><a href=\"https:\/\/twitter.com\/hashtag\/%C3%9AltimoMinuto?src=hash&amp;ref_src=twsrc%5Etfw\">#\u00daltimoMinuto<\/a><br>La v\u00edctima asesinada a balazos esta ma\u00f1ana en la calle Corpus Christi y \u00c1ngel M\u00e9ndez, colonia La Cieneguita, Oaxaca de Ju\u00e1rez, fue identificada como Ren\u00e9 J. D., de 62 a\u00f1os de edad. No hay personas detenidas por este crimen. <a href=\"https:\/\/t.co\/lsDLyFLdbo\">pic.twitter.com\/lsDLyFLdbo<\/a><\/p>&mdash; Zona Roja Oaxaca (@ZonaRoja_Oaxaca) <a href=\"https:\/\/twitter.com\/ZonaRoja_Oaxaca\/status\/1597976015636410369?ref_src=twsrc%5Etfw\">30 de noviembre de 2022<\/a><\/blockquote><\/div>\n<\/div><\/figure>\n","protected":false},"excerpt":{"rendered":"<p>Ismael Garc\u00eda M.\/Zona Roja. Oaxaca de Ju\u00e1rez, Oax., 30 de noviembre de 2022.- En el&hellip;<\/p>\n","protected":false},"author":2,"featured_media":48712,"comment_status":"closed","ping_status":"open","sticky":false,"template":"","format":"standard","meta":{"_lmt_disableupdate":"","_lmt_disable":"","_jetpack_memberships_contains_paid_content":false,"footnotes":""},"categories":[109,51],"tags":[148],"class_list":["post-48711","post","type-post","status-publish","format-standard","has-post-thumbnail","hentry","category-minuto-a-minuto","category-zona-roja","tag-oaxaca-de-juarez"],"jetpack_featured_media_url":"https:\/\/zonaroja.com.mx\/wp-content\/uploads\/2022\/11\/Asesinado-Cinco-Senores-ciudad-de-Oaxaca.jpg","jetpack_sharing_enabled":true,"_links":{"self":[{"href":"https:\/\/zonaroja.com.mx\/index.php?rest_route=\/wp\/v2\/posts\/48711","targetHints":{"allow":["GET"]}}],"collection":[{"href":"https:\/\/zonaroja.com.mx\/index.php?rest_route=\/wp\/v2\/posts"}],"about":[{"href":"https:\/\/zonaroja.com.mx\/index.php?rest_route=\/wp\/v2\/types\/post"}],"author":[{"embeddable":true,"href":"https:\/\/zonaroja.com.mx\/index.php?rest_route=\/wp\/v2\/users\/2"}],"replies":[{"embeddable":true,"href":"https:\/\/zonaroja.com.mx\/index.php?rest_route=%2Fwp%2Fv2%2Fcomments&post=48711"}],"version-history":[{"count":2,"href":"https:\/\/zonaroja.com.mx\/index.php?rest_route=\/wp\/v2\/posts\/48711\/revisions"}],"predecessor-version":[{"id":48714,"href":"https:\/\/zonaroja.com.mx\/index.php?rest_route=\/wp\/v2\/posts\/48711\/revisions\/48714"}],"wp:featuredmedia":[{"embeddable":true,"href":"https:\/\/zonaroja.com.mx\/index.php?rest_route=\/wp\/v2\/media\/48712"}],"wp:attachment":[{"href":"https:\/\/zonaroja.com.mx\/index.php?rest_route=%2Fwp%2Fv2%2Fmedia&parent=48711"}],"wp:term":[{"taxonomy":"category","embeddable":true,"href":"https:\/\/zonaroja.com.mx\/index.php?rest_route=%2Fwp%2Fv2%2Fcategories&post=48711"},{"taxonomy":"post_tag","embeddable":true,"href":"https:\/\/zonaroja.com.mx\/index.php?rest_route=%2Fwp%2Fv2%2Ftags&post=48711"}],"curies":[{"name":"wp","href":"https:\/\/api.w.org\/{rel}","templated":true}]}}