{"id":48715,"date":"2022-11-30T18:32:44","date_gmt":"2022-12-01T00:32:44","guid":{"rendered":"http:\/\/www.zonaroja.com.mx\/?p=48715"},"modified":"2022-11-30T18:32:46","modified_gmt":"2022-12-01T00:32:46","slug":"amlo-condena-influyentismo-e-impunidad-en-caso-claudia-uruchurtu-le-preocupa","status":"publish","type":"post","link":"https:\/\/zonaroja.com.mx\/?p=48715","title":{"rendered":"AMLO condena \u201cinfluyentismo\u201d e impunidad en caso Claudia Uruchurtu; le preocupa"},"content":{"rendered":"\n<p>Yuridiana Sosa\/Zona Roja.<\/p>\n\n\n\n<p>Oaxaca de Ju\u00e1rez, Oax., 30 de noviembre de 2022.- El Presidente de M\u00e9xico, Andr\u00e9s Manuel L\u00f3pez Obrador, asever\u00f3 que por el caso de la desaparici\u00f3n forzada de Claudia Uruchurtu existe preocupaci\u00f3n sobre la injusticia que se puede ejercer ante el \u201cinfluyentismo\u201d de las autoridades locales involucradas.<\/p>\n\n\n\n<p>Durante la conferencia matutina de este mi\u00e9rcoles, el mandatario estatal abord\u00f3 el asunto al referirse sobre la lucha permanente que el gobierno federal emprende para que haya justicia en el pa\u00eds.<\/p>\n\n\n\n<p>\u201cTenemos un caso que nos preocupa bastante, en Oaxaca, que tiene que ver con la actuaci\u00f3n de autoridades locales y juzgados, de influyentismo, que no se quiere castigar a responsables de una violaci\u00f3n de derechos humanos y castigar\u201d, expres\u00f3 L\u00f3pez Obrador.<\/p>\n\n\n\n<p>Agreg\u00f3 que, constantemente est\u00e1n atentos \u201cpara que no salgan responsables de cr\u00edmenes\u201d.<\/p>\n\n\n\n<p>Apenas este 29 de noviembre un juez del Tribunal Superior de Justicia de Oaxaca pospuso la audiencia que se celebrar\u00eda ese d\u00eda para dictar sentencia en el caso, al justificar que la Secretar\u00eda de Seguridad P\u00fablica del estado no pudo trasladar a dos de las imputadas, entre ellas la ex edil de Asunci\u00f3n Nochixtl\u00e1n, por Morena, Lizbeth V. H.<\/p>\n\n\n\n<p>Para la audiencia lleg\u00f3 a Oaxaca el representante de la embajada de Gran Breta\u00f1a en M\u00e9xico, Crhis Wall., pues Claudia Uruchurtu cuenta con dicha nacionalidad.<\/p>\n\n\n\n<p>El funcionario extranjero asegur\u00f3 que el gobierno de la Gran Breta\u00f1a est\u00e1 al tanto del caso y seguir\u00e1 pendiente del fallo por el caso de desaparici\u00f3n forzada de su connacional.<\/p>\n\n\n\n<p>En diversas ocasiones la familia de la v\u00edctima ha expresado su preocupaci\u00f3n ante la llegada de Salom\u00f3n Jara Cruz, de Morena al gobierno de Oaxaca, pues anteriormente expres\u00f3 su respaldo a la ex edil y hasta insinu\u00f3 que se trataba de un delito fabricado&nbsp;por parte de la activista, quien hab\u00eda investigado presuntos desv\u00edos de recursos p\u00fablicos de la autoridad local.<\/p>\n","protected":false},"excerpt":{"rendered":"<p>Yuridiana Sosa\/Zona Roja. Oaxaca de Ju\u00e1rez, Oax., 30 de noviembre de 2022.- El Presidente de&hellip;<\/p>\n","protected":false},"author":2,"featured_media":27305,"comment_status":"closed","ping_status":"open","sticky":false,"template":"","format":"standard","meta":{"_lmt_disableupdate":"","_lmt_disable":"","_jetpack_memberships_contains_paid_content":false,"footnotes":""},"categories":[109,47],"tags":[143,2582],"class_list":["post-48715","post","type-post","status-publish","format-standard","has-post-thumbnail","hentry","category-minuto-a-minuto","category-zona-gris","tag-andres-manuel-lopez-obrador","tag-claudia-uruchurtu-cruz"],"jetpack_featured_media_url":"https:\/\/zonaroja.com.mx\/wp-content\/uploads\/2021\/05\/Hermanas-de-Claudia-Uruchurtu.jpg","jetpack_sharing_enabled":true,"_links":{"self":[{"href":"https:\/\/zonaroja.com.mx\/index.php?rest_route=\/wp\/v2\/posts\/48715","targetHints":{"allow":["GET"]}}],"collection":[{"href":"https:\/\/zonaroja.com.mx\/index.php?rest_route=\/wp\/v2\/posts"}],"about":[{"href":"https:\/\/zonaroja.com.mx\/index.php?rest_route=\/wp\/v2\/types\/post"}],"author":[{"embeddable":true,"href":"https:\/\/zonaroja.com.mx\/index.php?rest_route=\/wp\/v2\/users\/2"}],"replies":[{"embeddable":true,"href":"https:\/\/zonaroja.com.mx\/index.php?rest_route=%2Fwp%2Fv2%2Fcomments&post=48715"}],"version-history":[{"count":1,"href":"https:\/\/zonaroja.com.mx\/index.php?rest_route=\/wp\/v2\/posts\/48715\/revisions"}],"predecessor-version":[{"id":48716,"href":"https:\/\/zonaroja.com.mx\/index.php?rest_route=\/wp\/v2\/posts\/48715\/revisions\/48716"}],"wp:featuredmedia":[{"embeddable":true,"href":"https:\/\/zonaroja.com.mx\/index.php?rest_route=\/wp\/v2\/media\/27305"}],"wp:attachment":[{"href":"https:\/\/zonaroja.com.mx\/index.php?rest_route=%2Fwp%2Fv2%2Fmedia&parent=48715"}],"wp:term":[{"taxonomy":"category","embeddable":true,"href":"https:\/\/zonaroja.com.mx\/index.php?rest_route=%2Fwp%2Fv2%2Fcategories&post=48715"},{"taxonomy":"post_tag","embeddable":true,"href":"https:\/\/zonaroja.com.mx\/index.php?rest_route=%2Fwp%2Fv2%2Ftags&post=48715"}],"curies":[{"name":"wp","href":"https:\/\/api.w.org\/{rel}","templated":true}]}}