{"id":48720,"date":"2022-11-30T21:43:55","date_gmt":"2022-12-01T03:43:55","guid":{"rendered":"http:\/\/www.zonaroja.com.mx\/?p=48720"},"modified":"2022-11-30T21:43:56","modified_gmt":"2022-12-01T03:43:56","slug":"dan-8-anos-de-carcel-a-sujeto-que-mato-a-victima-la-envolvio-en-plastico-y-le-echo-cal","status":"publish","type":"post","link":"https:\/\/zonaroja.com.mx\/?p=48720","title":{"rendered":"Dan 8 a\u00f1os de c\u00e1rcel a sujeto que mat\u00f3 a v\u00edctima; la envolvi\u00f3 en pl\u00e1stico y le ech\u00f3 cal"},"content":{"rendered":"\n<p>Redacci\u00f3n\/Zona Roja.&nbsp;<\/p>\n\n\n\n<p>Oaxaca de Ju\u00e1rez, Oax., 30 de noviembre de 2022.- La Fiscal\u00eda General del Estado de Oaxaca (FGEO) obtuvo, del Tribunal de Enjuiciamiento, sentencia condenatoria de ocho a\u00f1os de prisi\u00f3n contra la persona del sexo masculino identificada como O. L. B., se\u00f1alado como responsable del delito de homicidio doloso y ocultamiento de cad\u00e1ver en agravio de quien en vida respondi\u00f3 al nombre de O. I. C., cometido en marzo de 2021, en Oaxaca de Ju\u00e1rez, regi\u00f3n de Valles Centrales.<\/p>\n\n\n\n<p>De acuerdo con la carpeta de investigaci\u00f3n 9652\/FDAI\/UEIH\/2021, el 18 de marzo de 2021, en inmediaciones de la colonia Siete Regiones, el sentenciado ingres\u00f3 al inmueble (consultorio dental de la v\u00edctima), lo someti\u00f3 y envolvi\u00f3 en bolsas de pl\u00e1stico y tela. Posteriormente el responsable verti\u00f3 cal sobre la v\u00edctima, siendo la causa de la muerte asfixia por sofocaci\u00f3n.<\/p>\n\n\n\n<p>Es importante se\u00f1alar que, el cuerpo de la v\u00edctima fue encontrado el 23 de marzo de 2021, en el inmueble antes se\u00f1alado.<\/p>\n\n\n\n<p>Ante este hecho, la Instituci\u00f3n de procuraci\u00f3n de justicia atrajo el caso -a trav\u00e9s de la Fiscal\u00eda Especializada en Atenci\u00f3n a Delitos de Alto Impacto-, logrando presentar al probable responsable ante el Juez de Control.<\/p>\n\n\n\n<p>En audiencia, el Tribunal de Enjuiciamiento dict\u00f3 sentencia condenatoria contra O. L. B., imponiendo la pena de 8 a\u00f1os de prisi\u00f3n y ordenando el pago de m\u00e1s de 448 mil pesos por concepto de la reparaci\u00f3n del da\u00f1o.<\/p>\n\n\n\n<p>Presentar ante la justicia y aplicar todo el rigor de la Ley a responsables de estos delitos es prioritario para la Fiscal\u00eda General, garantizando justicia y paz a las familias oaxaque\u00f1as.<\/p>\n","protected":false},"excerpt":{"rendered":"<p>Redacci\u00f3n\/Zona Roja.&nbsp; Oaxaca de Ju\u00e1rez, Oax., 30 de noviembre de 2022.- La Fiscal\u00eda General del&hellip;<\/p>\n","protected":false},"author":2,"featured_media":47151,"comment_status":"closed","ping_status":"open","sticky":false,"template":"","format":"standard","meta":{"_lmt_disableupdate":"","_lmt_disable":"","_jetpack_memberships_contains_paid_content":false,"footnotes":""},"categories":[109,46],"tags":[494],"class_list":["post-48720","post","type-post","status-publish","format-standard","has-post-thumbnail","hentry","category-minuto-a-minuto","category-zona-blanca","tag-fiscalia-general-del-estado-de-oaxaca"],"jetpack_featured_media_url":"https:\/\/zonaroja.com.mx\/wp-content\/uploads\/2022\/10\/Delitos-violencia-homicidios-asesinatos-Oaxaca.jpg","jetpack_sharing_enabled":true,"_links":{"self":[{"href":"https:\/\/zonaroja.com.mx\/index.php?rest_route=\/wp\/v2\/posts\/48720","targetHints":{"allow":["GET"]}}],"collection":[{"href":"https:\/\/zonaroja.com.mx\/index.php?rest_route=\/wp\/v2\/posts"}],"about":[{"href":"https:\/\/zonaroja.com.mx\/index.php?rest_route=\/wp\/v2\/types\/post"}],"author":[{"embeddable":true,"href":"https:\/\/zonaroja.com.mx\/index.php?rest_route=\/wp\/v2\/users\/2"}],"replies":[{"embeddable":true,"href":"https:\/\/zonaroja.com.mx\/index.php?rest_route=%2Fwp%2Fv2%2Fcomments&post=48720"}],"version-history":[{"count":1,"href":"https:\/\/zonaroja.com.mx\/index.php?rest_route=\/wp\/v2\/posts\/48720\/revisions"}],"predecessor-version":[{"id":48722,"href":"https:\/\/zonaroja.com.mx\/index.php?rest_route=\/wp\/v2\/posts\/48720\/revisions\/48722"}],"wp:featuredmedia":[{"embeddable":true,"href":"https:\/\/zonaroja.com.mx\/index.php?rest_route=\/wp\/v2\/media\/47151"}],"wp:attachment":[{"href":"https:\/\/zonaroja.com.mx\/index.php?rest_route=%2Fwp%2Fv2%2Fmedia&parent=48720"}],"wp:term":[{"taxonomy":"category","embeddable":true,"href":"https:\/\/zonaroja.com.mx\/index.php?rest_route=%2Fwp%2Fv2%2Fcategories&post=48720"},{"taxonomy":"post_tag","embeddable":true,"href":"https:\/\/zonaroja.com.mx\/index.php?rest_route=%2Fwp%2Fv2%2Ftags&post=48720"}],"curies":[{"name":"wp","href":"https:\/\/api.w.org\/{rel}","templated":true}]}}