{"id":48723,"date":"2022-12-01T07:30:00","date_gmt":"2022-12-01T13:30:00","guid":{"rendered":"http:\/\/www.zonaroja.com.mx\/?p=48723"},"modified":"2022-11-30T21:47:42","modified_gmt":"2022-12-01T03:47:42","slug":"participa-fiscalia-en-mesa-de-trabajo-organizada-por-onu-contra-drogas-y-delito","status":"publish","type":"post","link":"https:\/\/zonaroja.com.mx\/?p=48723","title":{"rendered":"Participa Fiscal\u00eda en mesa de trabajo organizada por ONU contra drogas y delito"},"content":{"rendered":"\n<p>Redacci\u00f3n\/Zona Roja.<\/p>\n\n\n\n<p>Oaxaca de Ju\u00e1rez, Oax., 1 de diciembre de 2022.- Personal de la Fiscal\u00eda General del Estado de Oaxaca (FGEO) particip\u00f3 en una mesa de trabajo organizada por la Oficina de las Naciones Unidas contra la Droga y el Delito (UNODC), en seguimiento a las actividades del proyecto \u201cIntegraci\u00f3n de los Mecanismos de Coordinaci\u00f3n Interinstitucional para la Investigaci\u00f3n a los Delitos de Alto Impacto a Nivel Estatal\u201d.<\/p>\n\n\n\n<p>Esta actividad tiene como objetivo presentar resultados obtenidos en diversas mesas de trabajo, as\u00ed como la propuesta de flujogramas de procedimientos de operaci\u00f3n estandarizados en temas de coordinaci\u00f3n y comunicaci\u00f3n desarrollados a partir de los insumos obtenidos previamente.<\/p>\n\n\n\n<p>Adem\u00e1s, se analiz\u00f3 la viabilidad para la aplicaci\u00f3n de dicho proyecto en el estado de Oaxaca.<\/p>\n\n\n\n<p>Fueron parte de esta mesa las y los titulares del Instituto de Formaci\u00f3n y Capacitaci\u00f3n Profesional, Agencia Estatal de Investigaciones (AEI), Instituto de Servicios Periciales, as\u00ed como de la Fiscal\u00eda Especializada en Atenci\u00f3n a Delitos de Alto Impacto, Vicefiscal\u00eda General Zona Centro, Vicefiscales Regionales, Oficial\u00eda Mayor y Direcci\u00f3n de Asuntos Jur\u00eddicos. &nbsp;<\/p>\n\n\n\n<p>&nbsp;La actividad se desarroll\u00f3 en la sede del Instituto de Formaci\u00f3n y Capacitaci\u00f3n Profesional de la FGEO, ubicada en el edificio \u00c1lvaro Carrillo, en el complejo de Ciudad Judicial.<\/p>\n\n\n\n<p>A trav\u00e9s de acciones Interinstitucionales, la Fiscal\u00eda de Oaxaca genera esfuerzos para investigar y resolver Delitos de Alto Impacto en la entidad, a fin de garantizar la paz social.<\/p>\n","protected":false},"excerpt":{"rendered":"<p>Redacci\u00f3n\/Zona Roja. Oaxaca de Ju\u00e1rez, Oax., 1 de diciembre de 2022.- Personal de la Fiscal\u00eda&hellip;<\/p>\n","protected":false},"author":2,"featured_media":48724,"comment_status":"closed","ping_status":"open","sticky":false,"template":"","format":"standard","meta":{"_lmt_disableupdate":"","_lmt_disable":"","_jetpack_memberships_contains_paid_content":false,"footnotes":""},"categories":[109,46],"tags":[494],"class_list":["post-48723","post","type-post","status-publish","format-standard","has-post-thumbnail","hentry","category-minuto-a-minuto","category-zona-blanca","tag-fiscalia-general-del-estado-de-oaxaca"],"jetpack_featured_media_url":"https:\/\/zonaroja.com.mx\/wp-content\/uploads\/2022\/11\/Fiscalia-capacitacion-UNDOC.jpeg","jetpack_sharing_enabled":true,"_links":{"self":[{"href":"https:\/\/zonaroja.com.mx\/index.php?rest_route=\/wp\/v2\/posts\/48723","targetHints":{"allow":["GET"]}}],"collection":[{"href":"https:\/\/zonaroja.com.mx\/index.php?rest_route=\/wp\/v2\/posts"}],"about":[{"href":"https:\/\/zonaroja.com.mx\/index.php?rest_route=\/wp\/v2\/types\/post"}],"author":[{"embeddable":true,"href":"https:\/\/zonaroja.com.mx\/index.php?rest_route=\/wp\/v2\/users\/2"}],"replies":[{"embeddable":true,"href":"https:\/\/zonaroja.com.mx\/index.php?rest_route=%2Fwp%2Fv2%2Fcomments&post=48723"}],"version-history":[{"count":1,"href":"https:\/\/zonaroja.com.mx\/index.php?rest_route=\/wp\/v2\/posts\/48723\/revisions"}],"predecessor-version":[{"id":48725,"href":"https:\/\/zonaroja.com.mx\/index.php?rest_route=\/wp\/v2\/posts\/48723\/revisions\/48725"}],"wp:featuredmedia":[{"embeddable":true,"href":"https:\/\/zonaroja.com.mx\/index.php?rest_route=\/wp\/v2\/media\/48724"}],"wp:attachment":[{"href":"https:\/\/zonaroja.com.mx\/index.php?rest_route=%2Fwp%2Fv2%2Fmedia&parent=48723"}],"wp:term":[{"taxonomy":"category","embeddable":true,"href":"https:\/\/zonaroja.com.mx\/index.php?rest_route=%2Fwp%2Fv2%2Fcategories&post=48723"},{"taxonomy":"post_tag","embeddable":true,"href":"https:\/\/zonaroja.com.mx\/index.php?rest_route=%2Fwp%2Fv2%2Ftags&post=48723"}],"curies":[{"name":"wp","href":"https:\/\/api.w.org\/{rel}","templated":true}]}}