{"id":48731,"date":"2022-12-01T10:13:00","date_gmt":"2022-12-01T16:13:00","guid":{"rendered":"http:\/\/www.zonaroja.com.mx\/?p=48731"},"modified":"2022-11-30T22:14:36","modified_gmt":"2022-12-01T04:14:36","slug":"organizan-poder-judicial-e-inpi-mesas-tecnicas-sobre-pluralismo-juridico-y-acceso-a-justicia","status":"publish","type":"post","link":"https:\/\/zonaroja.com.mx\/?p=48731","title":{"rendered":"Organizan Poder Judicial e INPI mesas t\u00e9cnicas sobre Pluralismo Jur\u00eddico y Acceso a Justicia"},"content":{"rendered":"\n<p>Redacci\u00f3n\/Zona Roja.<\/p>\n\n\n\n<p>Oaxaca de Ju\u00e1rez, Oax., a 1 de diciembre de 2022.- El Poder Judicial&nbsp;de Oaxaca&nbsp;y el Instituto Nacional de Pueblos Ind\u00edgenas (INPI),&nbsp;realizaron&nbsp;las \u201cMesas t\u00e9cnicas sobre Pluralismo Jur\u00eddico y Acceso a la Justicia\u201d, a trav\u00e9s de las cuales, en una apertura al di\u00e1logo y la conciliaci\u00f3n de visiones,&nbsp;se llev\u00f3 a cabo un an\u00e1lisis de tem\u00e1ticas relevantes, novedosas o poco exploradas en la impartici\u00f3n de justicia con perspectiva de pluralismo jur\u00eddico, en un in\u00e9dito ejercicio de reflexi\u00f3n intercultural&nbsp;y respeto a los sistemas normativos.<\/p>\n\n\n\n<p>En su intervenci\u00f3n, el magistrado presidente, Eduardo Pinacho S\u00e1nchez&nbsp;destac\u00f3&nbsp;la importancia de los criterios que son parte de la cosmovisi\u00f3n, curso hist\u00f3rico y legado cultural de los pueblos ind\u00edgenas, pues en ellos reside una sabidur\u00eda impl\u00edcita, que hoy es reconocida como derecho humano por el Estado mexicano y los tratados internacionales que \u00e9ste ha signado.<\/p>\n\n\n\n<p>Ante la presencia de&nbsp;operadores jurisdiccionales del Poder Judicial Federal,&nbsp;especialistas en pluralismo jur\u00eddico y representantes de organizaciones de la sociedad civil en defensa de los derechos de pueblos, comunidades y personas ind\u00edgenas, explic\u00f3 que las mesas t\u00e9cnicas son parte de la \u00faltima fase de implementaci\u00f3n del&nbsp;Proyecto Pluralismo Jur\u00eddico y Acceso a la Justicia que deriva del convenio de colaboraci\u00f3n&nbsp;formalizado&nbsp;entre el Poder Judicial del Estado y el&nbsp;INPI.&nbsp;<\/p>\n\n\n\n<p>\u201cAunado al Centro de Justicia Ind\u00edgena dedicado a documentar y sistematizar las resoluciones y criterios jurisdiccionales de la Sala de Justicia Ind\u00edgena, la acci\u00f3n que ahora se desarrolla complementa un esfuerzo interinstitucional de amplio alcance, con resultados concretos y que sentar\u00e1 las bases para futuros ejercicios tanto en el estado de Oaxaca como en otras entidades, resalt\u00f3.<\/p>\n\n\n\n<p>Las&nbsp;\u201cMesas t\u00e9cnicas sobre Pluralismo Jur\u00eddico y Acceso a la Justicia\u201d,&nbsp;que se llevaron a cabo de manera simult\u00e1nea, versaron sobre&nbsp;tres ejes tem\u00e1ticos&nbsp;recurrentes en las deliberaciones de las y los impartidores de justicia. En primer lugar, la importancia de los derechos humanos y su relaci\u00f3n con los esquemas sancionadores y la justicia ind\u00edgena; en segundo lugar, la administraci\u00f3n de recursos p\u00fablicos a partir de las visiones de las jurisdicciones estatal e ind\u00edgena, y&nbsp;finalmente&nbsp;la fundamentaci\u00f3n desde sistemas jur\u00eddicos diferenciados.&nbsp;<\/p>\n\n\n\n<p>Participaron en la actividad la presidenta y consejera del&nbsp;Tribunal Superior de Justicia y del Consejo de la Judicatura del Estado de Campeche, magistrada Virginia Leticia Lizama Centuri\u00f3n; el director de Implementaci\u00f3n de Derechos del INPI,&nbsp;Jos\u00e9 Hern\u00e1ndez&nbsp;Hern\u00e1ndez&nbsp;y el presidente de la Sala de Justicia Ind\u00edgena y Quinta Sala Penal Unitaria del Tribunal&nbsp;Superior de Justicia del Estado, magistrado Manuel de Jes\u00fas L\u00f3pez&nbsp;L\u00f3pez.<\/p>\n\n\n\n<p>Asimismo,&nbsp;el maestro Tom\u00e1s L\u00f3pez Sarabia, del&nbsp;Centro Profesional Ind\u00edgena de Asesor\u00eda, Defensa y Traducci\u00f3n,(Cepiadet)&nbsp;A.C., el doctor V\u00edctor Leonel Juan Mart\u00ednez, del&nbsp;Programa Pluralismo Jur\u00eddico y Eficacia de Derechos (PLURAL-CIESAS)&nbsp;y el abogado especialista&nbsp;Geovany V\u00e1squez Sagrero.&nbsp;<\/p>\n","protected":false},"excerpt":{"rendered":"<p>Redacci\u00f3n\/Zona Roja. Oaxaca de Ju\u00e1rez, Oax., a 1 de diciembre de 2022.- El Poder Judicial&nbsp;de&hellip;<\/p>\n","protected":false},"author":2,"featured_media":48732,"comment_status":"closed","ping_status":"open","sticky":false,"template":"","format":"standard","meta":{"_lmt_disableupdate":"","_lmt_disable":"","_jetpack_memberships_contains_paid_content":false,"footnotes":""},"categories":[109,46],"tags":[],"class_list":["post-48731","post","type-post","status-publish","format-standard","has-post-thumbnail","hentry","category-minuto-a-minuto","category-zona-blanca"],"jetpack_featured_media_url":"https:\/\/zonaroja.com.mx\/wp-content\/uploads\/2022\/11\/Dialogo-sobre-temas-de-justicia-indigena.jpg","jetpack_sharing_enabled":true,"_links":{"self":[{"href":"https:\/\/zonaroja.com.mx\/index.php?rest_route=\/wp\/v2\/posts\/48731","targetHints":{"allow":["GET"]}}],"collection":[{"href":"https:\/\/zonaroja.com.mx\/index.php?rest_route=\/wp\/v2\/posts"}],"about":[{"href":"https:\/\/zonaroja.com.mx\/index.php?rest_route=\/wp\/v2\/types\/post"}],"author":[{"embeddable":true,"href":"https:\/\/zonaroja.com.mx\/index.php?rest_route=\/wp\/v2\/users\/2"}],"replies":[{"embeddable":true,"href":"https:\/\/zonaroja.com.mx\/index.php?rest_route=%2Fwp%2Fv2%2Fcomments&post=48731"}],"version-history":[{"count":1,"href":"https:\/\/zonaroja.com.mx\/index.php?rest_route=\/wp\/v2\/posts\/48731\/revisions"}],"predecessor-version":[{"id":48733,"href":"https:\/\/zonaroja.com.mx\/index.php?rest_route=\/wp\/v2\/posts\/48731\/revisions\/48733"}],"wp:featuredmedia":[{"embeddable":true,"href":"https:\/\/zonaroja.com.mx\/index.php?rest_route=\/wp\/v2\/media\/48732"}],"wp:attachment":[{"href":"https:\/\/zonaroja.com.mx\/index.php?rest_route=%2Fwp%2Fv2%2Fmedia&parent=48731"}],"wp:term":[{"taxonomy":"category","embeddable":true,"href":"https:\/\/zonaroja.com.mx\/index.php?rest_route=%2Fwp%2Fv2%2Fcategories&post=48731"},{"taxonomy":"post_tag","embeddable":true,"href":"https:\/\/zonaroja.com.mx\/index.php?rest_route=%2Fwp%2Fv2%2Ftags&post=48731"}],"curies":[{"name":"wp","href":"https:\/\/api.w.org\/{rel}","templated":true}]}}