{"id":48734,"date":"2022-11-30T22:36:09","date_gmt":"2022-12-01T04:36:09","guid":{"rendered":"http:\/\/www.zonaroja.com.mx\/?p=48734"},"modified":"2022-11-30T22:44:40","modified_gmt":"2022-12-01T04:44:40","slug":"de-muchachita-futbol-y-otros-menesteres-intrascendentes-en-el-congreso","status":"publish","type":"post","link":"https:\/\/zonaroja.com.mx\/?p=48734","title":{"rendered":"De \u201cmuchachita\u201d, futbol y otros menesteres intrascendentes en el Congreso"},"content":{"rendered":"\n<p>Ismael Garc\u00eda M.\/Zona Roja.<\/p>\n\n\n\n<p>Oaxaca de Ju\u00e1rez, Oax., a 30 de diciembre de 2022.- Para reforzar las cr\u00edticas, lleg\u00f3 feliz al sal\u00f3n de sesiones. Escoltada por el presidente de la Junta de Coordinaci\u00f3n Pol\u00edtica, Luis Alfonso Silva Romo, y Liz Hern\u00e1ndez Matus, suplente de Laura Mauro estrada, morenistas.<\/p>\n\n\n\n<p>Gabriela P\u00e9rez L\u00f3pez no se amilan\u00f3. Ni porque su ahora ex coordinador de bancada, Alejandro Avil\u00e9s, la llamara \u201cmuchachita\u201d, sin experiencia, sin m\u00e9ritos, \u201chija de papi\u201d.<\/p>\n\n\n\n<p>A las 12:21, la hija de Eviel P\u00e9rez Maga\u00f1a cruz\u00f3 el patio de la sede del Congreso del Estado, vestido suelto, blanco, bordados istme\u00f1os en el pecho.<\/p>\n\n\n\n<p>Atr\u00e1s de ellos, un minuto despu\u00e9s, Avil\u00e9s \u00c1lvarez, Liz Concha y Mar\u00eda Luisa Matus, Fredy Gil, tambi\u00e9n sonrientes\u2026 pero diezmados. Mariana Ben\u00edtez Tiburcio lleg\u00f3 sola. Como a veces se siente, o se comporta en la C\u00e1mara de Diputados.<\/p>\n\n\n\n<p>Gabriela P\u00e9rez se sent\u00f3 de inmediato en el \u00e1rea de los Verde Ecologistas, a un lado de Samuel Gurri\u00f3n, tambi\u00e9n priista, tambi\u00e9n desertor del priismo, aunque \u00e9ste recibi\u00f3 escasas cr\u00edticas tras su salida del PRI.<\/p>\n\n\n\n<p>En la chorcha, el relajo, las fotos, Gaby opt\u00f3 por ignorar a sus compa\u00f1eros y retirarse de los dem\u00e1s legisladores. Vinieron las entrevistas, los cruces de miradas, las acusaciones.<\/p>\n\n\n\n<p>La diputada local, que podr\u00eda irse al PVEM y se niega a dejar la curul, como lo demandan priistas y su dirigencia, revir\u00f3 diciendo que eran ataques mis\u00f3ginos y que valora interponer una queja. <\/p>\n\n\n\n<p>M\u00e1s h\u00e1bil y directo, Alejandro Avil\u00e9s:<\/p>\n\n\n\n<p>\u2014\u00bfEs traidora?<\/p>\n\n\n\n<p>\u2014\u00a1Por supuesto, totalmente! Traicion\u00f3 a un partido, a un instituto, traicion\u00f3 a alguien que le dio la confianza, para que fuera diputada y para que tuviera este cargo y ahora lo deja, porque no le cost\u00f3 nada.<\/p>\n\n\n\n<p>\u2014\u00bfEnojados los priistas?<\/p>\n\n\n\n<p>\u2014Indignados. Tampoco se va un baluarte, \u00bfeh?, tampoco se va un gran cuadro que digamos.<\/p>\n\n\n\n<p>\u201cPero eso es lo que molesta m\u00e1s, porque hay mucha gente, muchas mujeres, que quieren una oportunidad como esa, que han trabajado mucho, y desafortunadamente no han tenido una oportunidad valiosa, de oro, como lo tuvo esta muchachita\u201d.<\/p>\n\n\n\n<p>&#8211;\u00bfHija de papi?<\/p>\n\n\n\n<p>&#8211;Pintita.<\/p>\n\n\n\n<p>Sesi\u00f3n que arranc\u00f3 a las 12:50 horas, con apenas 31 asistentes. Sesi\u00f3n aburrida, sin relevancias. Tan irrelevante que la presidenta de la Mesa Directiva abandon\u00f3 la sesi\u00f3n ordinaria.<\/p>\n\n\n\n<p>Tan irrelevante que cuatro de los cinco priistas presentes, optaron por irse a ver el futbol en sus oficinas. A disfrutar del M\u00e9xico-Arabia Saudita.<\/p>\n\n\n\n<p>Sesi\u00f3n de cr\u00edticas hacia Alejandro Murat, por parte de opositores del PRI; priismo que no tuvo quien lo defendiera m\u00e1s que Mar\u00eda Luisa Matus. Sesi\u00f3n de despedidas para el gobernador; de bienvenida para el nuevo mandatario.&nbsp;<\/p>\n","protected":false},"excerpt":{"rendered":"<p>Ismael Garc\u00eda M.\/Zona Roja. Oaxaca de Ju\u00e1rez, Oax., a 30 de diciembre de 2022.- Para&hellip;<\/p>\n","protected":false},"author":2,"featured_media":48735,"comment_status":"closed","ping_status":"open","sticky":false,"template":"","format":"standard","meta":{"_lmt_disableupdate":"","_lmt_disable":"","_jetpack_memberships_contains_paid_content":false,"footnotes":""},"categories":[109,47],"tags":[2743],"class_list":["post-48734","post","type-post","status-publish","format-standard","has-post-thumbnail","hentry","category-minuto-a-minuto","category-zona-gris","tag-65-legislatura-del-estado-de-oaxaca"],"jetpack_featured_media_url":"https:\/\/zonaroja.com.mx\/wp-content\/uploads\/2022\/11\/Gabriela-Perez-Luis-Alfonso.jpg","jetpack_sharing_enabled":true,"_links":{"self":[{"href":"https:\/\/zonaroja.com.mx\/index.php?rest_route=\/wp\/v2\/posts\/48734","targetHints":{"allow":["GET"]}}],"collection":[{"href":"https:\/\/zonaroja.com.mx\/index.php?rest_route=\/wp\/v2\/posts"}],"about":[{"href":"https:\/\/zonaroja.com.mx\/index.php?rest_route=\/wp\/v2\/types\/post"}],"author":[{"embeddable":true,"href":"https:\/\/zonaroja.com.mx\/index.php?rest_route=\/wp\/v2\/users\/2"}],"replies":[{"embeddable":true,"href":"https:\/\/zonaroja.com.mx\/index.php?rest_route=%2Fwp%2Fv2%2Fcomments&post=48734"}],"version-history":[{"count":2,"href":"https:\/\/zonaroja.com.mx\/index.php?rest_route=\/wp\/v2\/posts\/48734\/revisions"}],"predecessor-version":[{"id":48737,"href":"https:\/\/zonaroja.com.mx\/index.php?rest_route=\/wp\/v2\/posts\/48734\/revisions\/48737"}],"wp:featuredmedia":[{"embeddable":true,"href":"https:\/\/zonaroja.com.mx\/index.php?rest_route=\/wp\/v2\/media\/48735"}],"wp:attachment":[{"href":"https:\/\/zonaroja.com.mx\/index.php?rest_route=%2Fwp%2Fv2%2Fmedia&parent=48734"}],"wp:term":[{"taxonomy":"category","embeddable":true,"href":"https:\/\/zonaroja.com.mx\/index.php?rest_route=%2Fwp%2Fv2%2Fcategories&post=48734"},{"taxonomy":"post_tag","embeddable":true,"href":"https:\/\/zonaroja.com.mx\/index.php?rest_route=%2Fwp%2Fv2%2Ftags&post=48734"}],"curies":[{"name":"wp","href":"https:\/\/api.w.org\/{rel}","templated":true}]}}