{"id":4874,"date":"2019-10-16T08:17:42","date_gmt":"2019-10-16T13:17:42","guid":{"rendered":"http:\/\/www.zonaroja.com.mx\/?p=4874"},"modified":"2019-10-16T08:17:45","modified_gmt":"2019-10-16T13:17:45","slug":"alertan-a-comunidad-escolar-por-fuertes-lluvias-en-oaxaca","status":"publish","type":"post","link":"https:\/\/zonaroja.com.mx\/?p=4874","title":{"rendered":"Alertan a comunidad escolar por fuertes lluvias en Oaxaca"},"content":{"rendered":"\n<p>Redacci\u00f3n\/Zona Roja.<\/p>\n\n\n\n<p>Oaxaca de Ju\u00e1rez, Oax., 16 de octubre\nde 2019.- Ante probables lluvias intensas este mi\u00e9rcoles en la entidad, el\nInstituto Estatal de Educaci\u00f3n P\u00fablica de Oaxaca (IEEPO), recoemdn\u00f3 a\nsupervisores, directores, madres y padres de familia, as\u00ed como a la comunidad\nescolar, tomar medidas preventivas.<\/p>\n\n\n\n<p>En un comunicado, la dependencia indic\u00f3\nque por indicaciones del director general, Francisco \u00c1ngel Villarreal, el \u00e1rea\nde Protecci\u00f3n Civil y Emergencia Escolar, se mantiene en comunicaci\u00f3n con la\nCoordinaci\u00f3n Estatal de Protecci\u00f3n Civil de Oaxaca (CEPCO), con autoridades\nfederales, municipales y directivos de las escuelas, para emitir los\nalertamientos correspondientes, en caso de ser necesario, y salvaguardar a la\npoblaci\u00f3n escolar.<\/p>\n\n\n\n<p>As\u00ed tambi\u00e9n, el IEEPO participa en los\nConsejos Municipales que se activar\u00e1n en las diversas regiones de mayor\nvulnerabilidad en la entidad, en donde se toman las medidas necesarias de\nprevenci\u00f3n y atenci\u00f3n a la poblaci\u00f3n, entre ellas, la escolar para el resguardo\nde la integridad f\u00edsica de estudiantes y personal docente.<\/p>\n\n\n\n<p>De acuerdo al informe que emite CEPCO,\nse registra un fen\u00f3meno meteorol\u00f3gico. La zona de baja presi\u00f3n con desarrollo\ncicl\u00f3nico, se desplaza hacia el oeste-noroeste del pa\u00eds, y afectar\u00e1 los\npr\u00f3ximos d\u00edas con intensas lluvias el territorio estatal, principalmente en las\nregiones de la Istmo, Costa, Sierra Sur, Mixteca y Cuenca del Papaloapan.<\/p>\n\n\n\n<p>Por ello, el IEEPO exhorta\nprincipalmente a las madres y padres de familia que en caso de presentarse\nlluvias fuertes, no crucen arroyos ni r\u00edos crecidos; tambi\u00e9n que las y los\nni\u00f1os utilicen ropa adecuada, principalmente impermeables y zapatos cerrados.<\/p>\n\n\n\n<p>A las y los directivos, as\u00ed como\ndocentes de planteles educativos se les recomienda activar sus planes internos\nde protecci\u00f3n civil y cumplir con los protocolos de actuaci\u00f3n en caso de ser\nnecesario.<\/p>\n\n\n\n<p>MEDIDAS PREVENTIVAS<\/p>\n\n\n\n<p>Es importante desconectar los aparatos\nel\u00e9ctricos como computadoras, televisiones, proyectores y equipos de sonido,\nentre otros, con el fin de evitar alg\u00fan corto circuito o la p\u00e9rdida de los\nmismos. <\/p>\n\n\n\n<p>Los documentos y archivos que se\nencuentren en la direcci\u00f3n de las escuelas, as\u00ed como el material en los salones\nde clase, deben ser resguardados en bolsas de pl\u00e1stico y colocados en lugares\naltos para evitar que se mojen o se extrav\u00eden.<\/p>\n\n\n\n<p>Otra medida preventiva es cortar las\nramas secas de los \u00e1rboles que se encuentren dentro de las instituciones\neducativas&nbsp; para evitar que con la\npresencia de fuertes vientos sean derribados y puedan lastimar a la comunidad\nescolar.<\/p>\n\n\n\n<p>Tambi\u00e9n, barrer los techados para\nevitar la acumulaci\u00f3n de hojas, basura y agua en las canaletas, con el fin de\nprevenir alg\u00fan colapso o inundaci\u00f3n; de igual manera, se debe mantener libre de\nbasura las alcantarillas que se encuentran dentro y fuera de los planteles\neducativos para que as\u00ed el agua fluya libremente.<\/p>\n\n\n\n<p>En caso de que alguna escuela sufra una\nafectaci\u00f3n, es necesario reportarlo con las autoridades educativas para\nimplementar el protocolo correspondiente y brindar la atenci\u00f3n debida, para\nello pueden comunicarse al Centro de Atenci\u00f3n Telef\u00f3nica del IEEPO sin costo al\n800 433 76 15.<\/p>\n","protected":false},"excerpt":{"rendered":"<p>Redacci\u00f3n\/Zona Roja. Oaxaca de Ju\u00e1rez, Oax., 16 de octubre de 2019.- Ante probables lluvias intensas&hellip;<\/p>\n","protected":false},"author":2,"featured_media":4875,"comment_status":"closed","ping_status":"open","sticky":false,"template":"","format":"standard","meta":{"_lmt_disableupdate":"","_lmt_disable":"","_jetpack_memberships_contains_paid_content":false,"footnotes":""},"categories":[109,47],"tags":[599],"class_list":["post-4874","post","type-post","status-publish","format-standard","has-post-thumbnail","hentry","category-minuto-a-minuto","category-zona-gris","tag-instituto-estatal-de-educacion-publica-de-oaxaca"],"jetpack_featured_media_url":"https:\/\/zonaroja.com.mx\/wp-content\/uploads\/2019\/10\/04-IEEPO-1.jpg","jetpack_sharing_enabled":true,"_links":{"self":[{"href":"https:\/\/zonaroja.com.mx\/index.php?rest_route=\/wp\/v2\/posts\/4874","targetHints":{"allow":["GET"]}}],"collection":[{"href":"https:\/\/zonaroja.com.mx\/index.php?rest_route=\/wp\/v2\/posts"}],"about":[{"href":"https:\/\/zonaroja.com.mx\/index.php?rest_route=\/wp\/v2\/types\/post"}],"author":[{"embeddable":true,"href":"https:\/\/zonaroja.com.mx\/index.php?rest_route=\/wp\/v2\/users\/2"}],"replies":[{"embeddable":true,"href":"https:\/\/zonaroja.com.mx\/index.php?rest_route=%2Fwp%2Fv2%2Fcomments&post=4874"}],"version-history":[{"count":1,"href":"https:\/\/zonaroja.com.mx\/index.php?rest_route=\/wp\/v2\/posts\/4874\/revisions"}],"predecessor-version":[{"id":4876,"href":"https:\/\/zonaroja.com.mx\/index.php?rest_route=\/wp\/v2\/posts\/4874\/revisions\/4876"}],"wp:featuredmedia":[{"embeddable":true,"href":"https:\/\/zonaroja.com.mx\/index.php?rest_route=\/wp\/v2\/media\/4875"}],"wp:attachment":[{"href":"https:\/\/zonaroja.com.mx\/index.php?rest_route=%2Fwp%2Fv2%2Fmedia&parent=4874"}],"wp:term":[{"taxonomy":"category","embeddable":true,"href":"https:\/\/zonaroja.com.mx\/index.php?rest_route=%2Fwp%2Fv2%2Fcategories&post=4874"},{"taxonomy":"post_tag","embeddable":true,"href":"https:\/\/zonaroja.com.mx\/index.php?rest_route=%2Fwp%2Fv2%2Ftags&post=4874"}],"curies":[{"name":"wp","href":"https:\/\/api.w.org\/{rel}","templated":true}]}}