{"id":48740,"date":"2022-12-01T06:20:34","date_gmt":"2022-12-01T12:20:34","guid":{"rendered":"http:\/\/www.zonaroja.com.mx\/?p=48740"},"modified":"2022-12-01T06:20:36","modified_gmt":"2022-12-01T12:20:36","slug":"asumen-funciones-nuevo-secretario-de-seguridad-y-comisionado-de-la-policia-estatal","status":"publish","type":"post","link":"https:\/\/zonaroja.com.mx\/?p=48740","title":{"rendered":"Asumen funciones nuevo secretario de Seguridad y Comisionado de la Polic\u00eda Estatal"},"content":{"rendered":"\n<p>Redacci\u00f3n\/Zona Roja.&nbsp;<\/p>\n\n\n\n<p>Oaxaca de Ju\u00e1rez, Oax., 1 de diciembre de 2022.- En el primer minuto de este 1 de diciembre, el capit\u00e1n de fragata, Iv\u00e1n Garc\u00eda \u00c1lvarez, asumi\u00f3 funciones como titular de la Secretar\u00eda de Seguridad y Protecci\u00f3n Ciudadana de Oaxaca.<\/p>\n\n\n\n<p>Con el objetivo de iniciar las estrategias necesarias para garantizar la paz social y la seguridad de la poblaci\u00f3n oaxaque\u00f1a, Garc\u00eda \u00c1lvarez tom\u00f3 su responsabilidad de manera inmediata.<\/p>\n\n\n\n<p>En Palacio de Gobierno, la exsecretaria de Seguridad, Dalia Ba\u00f1os Noyola, entreg\u00f3 la responsabilidad del cargo al nuevo secretario de Seguridad y Protecci\u00f3n Ciudadana, ante representantes de la administraci\u00f3n saliente y del nuevo secretario de Gobierno, Jes\u00fas Romero L\u00f3pez.<\/p>\n\n\n\n<p>Igualmente, fue designado como comisionado de la Polic\u00eda Estatal, Gerardo Robles Lara, quien tambi\u00e9n asumi\u00f3 sus respectivas funciones de seguridad.<\/p>\n\n\n\n<p>La principal tarea de ambos funcionarios ser\u00e1 recuperar la seguridad y la tranquilidad de los oaxaque\u00f1os en cada uno de los 570 municipios.<\/p>\n\n\n\n<p>El gobernador Salom\u00f3n Jara Cruz, conf\u00eda en el perfil profesional y en la experiencia de Garc\u00eda \u00c1lvarez y Robles Lara para alcanzar la seguridad, gobernabilidad, bienestar y tranquilidad de la ciudadan\u00eda para lograr la Cuarta Transformaci\u00f3n del estado.<\/p>\n\n\n\n<p>Ambos funcionarios se comprometieron a respetar y hacer cumplir la Constituci\u00f3n Pol\u00edtica de los Estados Unidos Mexicanos y la Constituci\u00f3n de Oaxaca, as\u00ed como las leyes que de una y otra emanen, los tratados internacionales en general y en materia de derechos humanos de los que el Estado Mexicano sea parte.<\/p>\n\n\n\n<p>Adem\u00e1s de cumplir con los deberes de dichos cargos para implementar estrategias de seguridad desde su \u00e1rea con apego irrestricto a los derechos humanos, con el prop\u00f3sito de prevenir los delitos, disminuir los \u00edndices delictivos y dar los resultados que Oaxaca merece.<\/p>\n\n\n\n<p>La seguridad p\u00fablica es prioridad para la nueva administraci\u00f3n estatal para lograr la transformaci\u00f3n de Oaxaca en beneficio del pueblo.<\/p>\n","protected":false},"excerpt":{"rendered":"<p>Redacci\u00f3n\/Zona Roja.&nbsp; Oaxaca de Ju\u00e1rez, Oax., 1 de diciembre de 2022.- En el primer minuto&hellip;<\/p>\n","protected":false},"author":2,"featured_media":48741,"comment_status":"closed","ping_status":"open","sticky":false,"template":"","format":"standard","meta":{"_lmt_disableupdate":"","_lmt_disable":"","_jetpack_memberships_contains_paid_content":false,"footnotes":""},"categories":[109,46],"tags":[3332,939],"class_list":["post-48740","post","type-post","status-publish","format-standard","has-post-thumbnail","hentry","category-minuto-a-minuto","category-zona-blanca","tag-ivan-garcia-alvarez","tag-salomon-jara-cruz"],"jetpack_featured_media_url":"https:\/\/zonaroja.com.mx\/wp-content\/uploads\/2022\/12\/Toma-posesion-seguridad-publica-Oaxaca.jpg","jetpack_sharing_enabled":true,"_links":{"self":[{"href":"https:\/\/zonaroja.com.mx\/index.php?rest_route=\/wp\/v2\/posts\/48740","targetHints":{"allow":["GET"]}}],"collection":[{"href":"https:\/\/zonaroja.com.mx\/index.php?rest_route=\/wp\/v2\/posts"}],"about":[{"href":"https:\/\/zonaroja.com.mx\/index.php?rest_route=\/wp\/v2\/types\/post"}],"author":[{"embeddable":true,"href":"https:\/\/zonaroja.com.mx\/index.php?rest_route=\/wp\/v2\/users\/2"}],"replies":[{"embeddable":true,"href":"https:\/\/zonaroja.com.mx\/index.php?rest_route=%2Fwp%2Fv2%2Fcomments&post=48740"}],"version-history":[{"count":1,"href":"https:\/\/zonaroja.com.mx\/index.php?rest_route=\/wp\/v2\/posts\/48740\/revisions"}],"predecessor-version":[{"id":48742,"href":"https:\/\/zonaroja.com.mx\/index.php?rest_route=\/wp\/v2\/posts\/48740\/revisions\/48742"}],"wp:featuredmedia":[{"embeddable":true,"href":"https:\/\/zonaroja.com.mx\/index.php?rest_route=\/wp\/v2\/media\/48741"}],"wp:attachment":[{"href":"https:\/\/zonaroja.com.mx\/index.php?rest_route=%2Fwp%2Fv2%2Fmedia&parent=48740"}],"wp:term":[{"taxonomy":"category","embeddable":true,"href":"https:\/\/zonaroja.com.mx\/index.php?rest_route=%2Fwp%2Fv2%2Fcategories&post=48740"},{"taxonomy":"post_tag","embeddable":true,"href":"https:\/\/zonaroja.com.mx\/index.php?rest_route=%2Fwp%2Fv2%2Ftags&post=48740"}],"curies":[{"name":"wp","href":"https:\/\/api.w.org\/{rel}","templated":true}]}}