{"id":48743,"date":"2022-12-01T10:33:00","date_gmt":"2022-12-01T16:33:00","guid":{"rendered":"http:\/\/www.zonaroja.com.mx\/?p=48743"},"modified":"2022-12-01T06:49:53","modified_gmt":"2022-12-01T12:49:53","slug":"muere-joven-en-durango-por-meningitis-van-18-casos-y-hay-1400-hospitalizados","status":"publish","type":"post","link":"https:\/\/zonaroja.com.mx\/?p=48743","title":{"rendered":"Muere joven en Durango por meningitis; van 18 casos y hay 1,400 hospitalizados"},"content":{"rendered":"\n<p>Redacci\u00f3n\/Zona Roja Cdmx.<\/p>\n\n\n\n<p>Ciudad de M\u00e9xico, a 1 de diciembre de 2022.- El subsecretario de Prevenci\u00f3n y Promoci\u00f3n a la Salud, Hugo L\u00f3pez Gatell, afirm\u00f3 que actualmente hay mil 400 personas en diferentes hospitales por posibles casos de meningitis.<\/p>\n\n\n\n<p>Expres\u00f3 que algunas de ellas, en su mayor\u00eda mujeres, est\u00e1n internadas en Durango capital y otros en diferentes municipios, pero ya est\u00e1n identificados y se les da seguimiento y se analiza su evoluci\u00f3n.<\/p>\n\n\n\n<p>De los 68 casos confirmados al corte del 30 de noviembre, hay tres hombres, 10 de ellos en estado cr\u00edtico y se reportan 18 fallecimientos.<\/p>\n\n\n\n<p>&nbsp;Una joven de 19 a\u00f1os se convirti\u00f3 en la v\u00edctima mortal n\u00famero 18, por los casos de meningitis por hongo que afecta a Durango, donde se reporta el deceso de 17 mujeres y un var\u00f3n.<\/p>\n\n\n\n<p>Ante el incremento de casos de meningitis y fallecimientos en Durango, las autoridades sanitarias, tanto de la Federaci\u00f3n como del estado, se preparan para un proceso largo y complejo en las investigaciones.<\/p>\n\n\n\n<p>La fiscal general de Durango, Sonia Yadira de la Garza Fragoso, record\u00f3 que se iniciaron 40 carpetas de investigaci\u00f3n y se analizaron m\u00e1s de 2 mil 400 expedientes, que no significa que la enfermedad se origin\u00f3 por procedimiento por bloqueo.<\/p>\n\n\n\n<p>Al respecto, el gobernador Esteban Villegas Villarreal manifest\u00f3 que los pacientes se van a concentrar en el Hospital General 450 donde ya se est\u00e1 habilitando el cuarto piso para atender a las pacientes infectadas por meningitis por hongo.<\/p>\n\n\n\n<p>L\u00f3pez-Gatell destac\u00f3 que ya no se llama as\u00e9ptica ya que a lo largo de las investigaciones se encontraron las causas que la originan. Se trata de un hongo, el Fusarium Solari,<\/p>\n\n\n\n<p>El funcionario federal sostuvo que no es una enfermedad que se transmita de persona a persona y que se debe a fallas la anestesia aplicada directamente a la m\u00e9dula espinal.<\/p>\n\n\n\n<p>Ayer, familiares y amigos de pacientes fallecidos por meningitis&nbsp; salieron a las calles de G\u00f3mez Palacio para exigir justicia ante las 18 muertes y 68 casos confirmados en la entidad, en su mayor\u00eda mujeres que han dado a luz recientemente.<\/p>\n\n\n\n<p>La sociedad civil tambi\u00e9n se uni\u00f3 al reclamo, avanzando por la Avenida 20 de Noviembre, hasta el Centro de Convenciones Bicentenario, donde hubo conferencia.<\/p>\n\n\n\n<p>El Senado abri\u00f3 el proceso legislativo que le permita intervenir en la crisis de salud provocada por la muerte de 18 mujeres y contagio de 72 m\u00e1s de meningitis por hongo en el estado de Durango, pues la presidenta de la Comisi\u00f3n de Salud del Senado, Margarita Vald\u00e9s, inform\u00f3 al pleno que busca que las aitoridades de salud del estado entreguen un informe detallado sobre el caso.<\/p>\n\n\n\n<p>\u201cEsto no debi\u00f3 haber sucedido en ninguna parte del pa\u00eds, en ninguna parte del mundo, pero va a hacer un aprendizaje doloroso, un aprendizaje cruel el que vamos a sufrir los duranguenses y los mexicanos, porque estamos en la boca de todo mundo, porque los errores humanos hacen que se pierdan vidas; porque los errores \u00e9ticos en el personal de salud y en un gremio que es el m\u00edo, el m\u00e9dico, nos est\u00e1n costando l\u00e1grimas y dolor\u201d, dijo la senadora Vald\u00e9s.<\/p>\n\n\n\n<p>As\u00ed, plante\u00f3 que el Senado exhorte \u201ca la Fiscal\u00eda General del estado de Durango para que agilice las carpetas de investigaci\u00f3n producto de las denuncias ya presentadas por diferentes ciudadanas y ciudadanos sobre meningitis as\u00e9ptica, as\u00ed como aportar el mayor n\u00famero de elementos a las autoridades del Poder Judicial de esa entidad para que se determine la responsabilidad de estos casos y se sancione a quien o quienes resulten responsables\u201d.<\/p>\n\n\n\n<p>Tambi\u00e9n que el Senado exhorte \u201ca las delegaciones del IMSS, ISSSTE y Secretar\u00eda de Salud del estado de Durango a que rindan a esta soberan\u00eda un informe\u201d.<\/p>\n","protected":false},"excerpt":{"rendered":"<p>Redacci\u00f3n\/Zona Roja Cdmx. Ciudad de M\u00e9xico, a 1 de diciembre de 2022.- El subsecretario de&hellip;<\/p>\n","protected":false},"author":2,"featured_media":48744,"comment_status":"closed","ping_status":"open","sticky":false,"template":"","format":"standard","meta":{"_lmt_disableupdate":"","_lmt_disable":"","_jetpack_memberships_contains_paid_content":false,"footnotes":""},"categories":[109,47],"tags":[3316],"class_list":["post-48743","post","type-post","status-publish","format-standard","has-post-thumbnail","hentry","category-minuto-a-minuto","category-zona-gris","tag-meningitis-durango"],"jetpack_featured_media_url":"https:\/\/zonaroja.com.mx\/wp-content\/uploads\/2022\/12\/Meningitis-Durango.jpeg","jetpack_sharing_enabled":true,"_links":{"self":[{"href":"https:\/\/zonaroja.com.mx\/index.php?rest_route=\/wp\/v2\/posts\/48743","targetHints":{"allow":["GET"]}}],"collection":[{"href":"https:\/\/zonaroja.com.mx\/index.php?rest_route=\/wp\/v2\/posts"}],"about":[{"href":"https:\/\/zonaroja.com.mx\/index.php?rest_route=\/wp\/v2\/types\/post"}],"author":[{"embeddable":true,"href":"https:\/\/zonaroja.com.mx\/index.php?rest_route=\/wp\/v2\/users\/2"}],"replies":[{"embeddable":true,"href":"https:\/\/zonaroja.com.mx\/index.php?rest_route=%2Fwp%2Fv2%2Fcomments&post=48743"}],"version-history":[{"count":1,"href":"https:\/\/zonaroja.com.mx\/index.php?rest_route=\/wp\/v2\/posts\/48743\/revisions"}],"predecessor-version":[{"id":48745,"href":"https:\/\/zonaroja.com.mx\/index.php?rest_route=\/wp\/v2\/posts\/48743\/revisions\/48745"}],"wp:featuredmedia":[{"embeddable":true,"href":"https:\/\/zonaroja.com.mx\/index.php?rest_route=\/wp\/v2\/media\/48744"}],"wp:attachment":[{"href":"https:\/\/zonaroja.com.mx\/index.php?rest_route=%2Fwp%2Fv2%2Fmedia&parent=48743"}],"wp:term":[{"taxonomy":"category","embeddable":true,"href":"https:\/\/zonaroja.com.mx\/index.php?rest_route=%2Fwp%2Fv2%2Fcategories&post=48743"},{"taxonomy":"post_tag","embeddable":true,"href":"https:\/\/zonaroja.com.mx\/index.php?rest_route=%2Fwp%2Fv2%2Ftags&post=48743"}],"curies":[{"name":"wp","href":"https:\/\/api.w.org\/{rel}","templated":true}]}}