{"id":48750,"date":"2022-12-01T15:42:24","date_gmt":"2022-12-01T21:42:24","guid":{"rendered":"http:\/\/www.zonaroja.com.mx\/?p=48750"},"modified":"2022-12-01T15:42:27","modified_gmt":"2022-12-01T21:42:27","slug":"nosotros-no-venimos-a-robar-venimos-a-servir-promete-jara-enviara-reformas-al-congreso","status":"publish","type":"post","link":"https:\/\/zonaroja.com.mx\/?p=48750","title":{"rendered":"\u201cNosotros no venimos a robar, venimos a servir\u201d, promete Jara; enviar\u00e1 reformas al Congreso"},"content":{"rendered":"\n<p>Yuridiana Sosa\/Zona Roja.<\/p>\n\n\n\n<p>Oaxaca de Ju\u00e1rez, Oax., a 1 de diciembre de 2022.- En sesi\u00f3n solemne del Congreso del Estado, Salom\u00f3n Jara Cruz rindi\u00f3 protesta como gobernador de Oaxaca para el periodo 2022-2028.<\/p>\n\n\n\n<p>Durante su primer mensaje como mandatario estatal, emanado del Partido Morena, asegur\u00f3 que con su administraci\u00f3n comienza un proceso de cambio estructural, en el que se honrar\u00e1n los principios del proyecto de la cuarta transformaci\u00f3n.<\/p>\n\n\n\n<p>\u201cNosotros no venimos a robar, venimos a servir a nuestro pueblo. Ese es mi sue\u00f1o para Oaxaca, de un sue\u00f1o colectivo\u201d, se\u00f1al\u00f3, tras destacar los principios que regir\u00e1n en su administraci\u00f3n.<\/p>\n\n\n\n<p>Jara Cruz dijo que el dif\u00edcil pasado que vivi\u00f3 Oaxaca permiti\u00f3 llegar a un nuevo gobierno de transformaci\u00f3n, donde el pueblo ser\u00e1 el protagonista y a quien prometi\u00f3: \u201cno les voy a fallar\u201d.<\/p>\n\n\n\n<p>\u201cCon el triunfo de la \u2018primavera oaxaque\u00f1a\u2019, el estado comienza un proceso de cambio estructural para orientar toda la acci\u00f3n de gobierno en el combate a la desigualdad, corrupci\u00f3n; recuperaci\u00f3n de la paz y reivindicaci\u00f3n hist\u00f3rica de nuestros pueblos y comunidades\u201d, puntualiz\u00f3.<\/p>\n\n\n\n<p>Por lo que afirm\u00f3 que ser\u00e1 un gobierno aliado, defensor, de vanguardia, popular, de territorio y referente de la regeneraci\u00f3n de la vida p\u00fablica, con un enfoque de sistema social comunitario y valores que promueven a la cuarta transformaci\u00f3n.<\/p>\n\n\n\n<p>As\u00ed como intercultural, con perspectiva de g\u00e9nero, transparente, austero, incluyente, que genere condiciones para diversidad social, pluralidad pol\u00edtica, con lo que prometi\u00f3 se alcanzar\u00e1 la paz y justicia, desarrollo econ\u00f3mico, igualdad y bienestar de las comunidades oaxaque\u00f1as.<\/p>\n\n\n\n<p>Jara Cruz destac\u00f3 ante la 65 Legislatura del Congreso de Oaxaca su disposici\u00f3n para dialogar con todos los actores pol\u00edticos y sociales, as\u00ed como con los distintos poderes del Estado y \u00f3rganos aut\u00f3nomos.<\/p>\n\n\n\n<p>\u201cEn el gobierno de la cuarta transformaci\u00f3n no habr\u00e1 lujos, corrupci\u00f3n, impunidad, ni doble moral. Al margen de la ley nada y por encima de la ley nadie. Se acabaron los privilegios para unos cuantos a costa de los oaxaque\u00f1os\u201d, dijo el nuevo gobernador, quien, adem\u00e1s, reiter\u00f3 que ninguna familia se siga sirviendo del pueblo oaxaque\u00f1o.<\/p>\n\n\n\n<figure class=\"wp-block-embed is-type-rich is-provider-twitter wp-block-embed-twitter\"><div class=\"wp-block-embed__wrapper\">\n<div class=\"twitter-tweet\"><blockquote class=\"twitter-tweet\" data-lang=\"es\"><p lang=\"es\" dir=\"ltr\"><a href=\"https:\/\/twitter.com\/hashtag\/ENVIVO?src=hash&amp;ref_src=twsrc%5Etfw\">#ENVIVO<\/a><br>San Raymundo Jalpan, Oax., 1 de diciembre de 2022.- Sesi\u00f3n solemne del Congreso del Estado de Oaxaca para la toma de protesta de Salom\u00f3n Jara Cruz como Gobernador del Estado. Siga aqu\u00ed la transmisi\u00f3n:<br>\ud83d\udc47<a href=\"https:\/\/t.co\/j7E8GeUWm7\">https:\/\/t.co\/j7E8GeUWm7<\/a> <a href=\"https:\/\/t.co\/IqwOR4FKr7\">pic.twitter.com\/IqwOR4FKr7<\/a><\/p>&mdash; Zona Roja Oaxaca (@ZonaRoja_Oaxaca) <a href=\"https:\/\/twitter.com\/ZonaRoja_Oaxaca\/status\/1598335347942952962?ref_src=twsrc%5Etfw\">1 de diciembre de 2022<\/a><\/blockquote><\/div>\n<\/div><\/figure>\n\n\n\n<p>REFORMAS<\/p>\n\n\n\n<p>Salom\u00f3n Jara Cruz anunci\u00f3 que en pr\u00f3ximos d\u00edas enviar\u00e1 al Congreso local un paquete de reformas para la consideraci\u00f3n de la 65 Legislatura.<\/p>\n\n\n\n<p>Entre las que adelant\u00f3, se encuentran, son en materia de austeridad republicana, revocaci\u00f3n de mandato a los tres a\u00f1os de gobierno, consulta popular; as\u00ed como en transparencia y anticorrupci\u00f3n, paridad, desplazamiento forzado interno, fortalecimiento y democratizaci\u00f3n del Poder Judicial; reforma en inteligencia patrimonial, adem\u00e1s de una iniciativa para crear procedimientos que permita devolver al pueblo lo robado.<\/p>\n\n\n\n<p>Reiter\u00f3 que conf\u00eda en que su equipo de trabajo estar\u00e1 a la altura de las expectativas y exigencias del cambio que demand\u00f3 la ciudadan\u00eda.<\/p>\n\n\n\n<p>\u201cYa lleg\u00f3 la primavera oaxaque\u00f1a, es hora de escribir una nueva ma\u00f1ana, con orgullo, dignidad y convicci\u00f3n, estaremos juntos en esto\u201d, concluy\u00f3 el gobernador entre el vitoreo de los asistentes y aplausos para su mandato.<\/p>\n\n\n\n<figure class=\"wp-block-embed is-type-rich is-provider-twitter wp-block-embed-twitter\"><div class=\"wp-block-embed__wrapper\">\n<div class=\"twitter-tweet\"><blockquote class=\"twitter-tweet\" data-lang=\"es\"><p lang=\"es\" dir=\"ltr\"><a href=\"https:\/\/twitter.com\/hashtag\/%C3%9AltimoMinuto?src=hash&amp;ref_src=twsrc%5Etfw\">#\u00daltimoMinuto<\/a> <br>Este es el momento en que <a href=\"https:\/\/twitter.com\/salomonj?ref_src=twsrc%5Etfw\">@salomonj<\/a> rinde protesta como Gobernador Constitucional del Estado de Oaxaca, para el periodo 2022-2028. <a href=\"https:\/\/t.co\/Kl2pMlPT7J\">pic.twitter.com\/Kl2pMlPT7J<\/a><\/p>&mdash; Zona Roja Oaxaca (@ZonaRoja_Oaxaca) <a href=\"https:\/\/twitter.com\/ZonaRoja_Oaxaca\/status\/1598343220894863360?ref_src=twsrc%5Etfw\">1 de diciembre de 2022<\/a><\/blockquote><\/div>\n<\/div><\/figure>\n\n\n\n<p>\u00bfQUI\u00c9N ES?<\/p>\n\n\n\n<p>Salom\u00f3n Jara Cruz es originario de San Melchor Betaza, en la regi\u00f3n Sierra Norte del estado.<\/p>\n\n\n\n<p>En 1992 fue presidente del Comit\u00e9 Directivo Estatal del PRD en Oaxaca y para 2013 fue secretario de Desarrollo Agropecuario, durante el mandato del entonces gobernador Gabino Cu\u00e9 (PAN, PRD, Convergencia y PT), donde fortaleci\u00f3 una red de apoyos sociales para el estado.<\/p>\n\n\n\n<p>En 2015 dio el bandazo y abandon\u00f3 al PRD y se fue a Morena, junto con la estructura que hab\u00eda forjado. En 2016 el ahora presidente Andr\u00e9s Manuel L\u00f3pez Obrador lo design\u00f3 como candidato a la gubernatura del estado, pero perdi\u00f3 ante el priista Alejandro Murat.<\/p>\n\n\n\n<p>A prop\u00f3sito de su cercan\u00eda con el presidente, L\u00f3pez Obrador dijo de Salom\u00f3n Jara a finales de noviembre pasado que lo conoce desde hace muchos a\u00f1os. \u201cRecorr\u00ed con \u00e9l y con Gabino, antes de que fuera gobernador de Oaxaca. Y le tengo aprecio, conoce todo Oaxaca, es mi amigo\u201d.<\/p>\n\n\n\n<p>El ex secretario de Desarrollo Agropecuario con Gabino con el emecista Gabino Cue, tambi\u00e9n ha sido diputado local y federal, senador en 2012 y en 2018, escribi\u00f3 el libro \u201cEl Derecho de los Pueblos Ind\u00edgenas\u201d y se dice que antes de meterse de lleno en la contienda para ser candidato a gobernador de Oaxaca con Morena, tambi\u00e9n coquete\u00f3 con MC para ser su candidato.<\/p>\n\n\n\n<figure class=\"wp-block-embed is-type-rich is-provider-twitter wp-block-embed-twitter\"><div class=\"wp-block-embed__wrapper\">\n<div class=\"twitter-tweet\"><blockquote class=\"twitter-tweet\" data-lang=\"es\"><p lang=\"es\" dir=\"ltr\"><a href=\"https:\/\/twitter.com\/hashtag\/%C3%9AltimoMinuyo?src=hash&amp;ref_src=twsrc%5Etfw\">#\u00daltimoMinuyo<\/a> <br>Este es parte del mensaje que dio <a href=\"https:\/\/twitter.com\/salomonj?ref_src=twsrc%5Etfw\">@salomonj<\/a>, tras tomar protesta como Gobernador del Estado, en sesi\u00f3n solemne del <a href=\"https:\/\/twitter.com\/CongresoOaxaca_?ref_src=twsrc%5Etfw\">@CongresoOaxaca_<\/a>: <a href=\"https:\/\/t.co\/WyvaHFgXEF\">pic.twitter.com\/WyvaHFgXEF<\/a><\/p>&mdash; Zona Roja Oaxaca (@ZonaRoja_Oaxaca) <a href=\"https:\/\/twitter.com\/ZonaRoja_Oaxaca\/status\/1598356608668807168?ref_src=twsrc%5Etfw\">1 de diciembre de 2022<\/a><\/blockquote><\/div>\n<\/div><\/figure>\n\n\n\n<p>La trayectoria de Jara Cruz est\u00e1 marcada por la pol\u00e9mica, desde sus inicios fue amigo de Flavio Sosa, ex dirigente de la radical Asamblea Popular de Pueblos de Oaxaca (APPO); durante su gesti\u00f3n como funcionario en el gobierno de Gabino Cu\u00e9, fue acusado de malversar 89 millones de pesos y hasta el Congreso local lo llam\u00f3 a rendir cuentas.<\/p>\n\n\n\n<p>Como senador, en la actual Legislatura, se le recuerda por una controvertida propuesta para modificar el art\u00edculo 340 de la Ley del Mercado de Valores, para darle facultades a la Comisi\u00f3n Nacional Bancaria y de Valores (CNBV) y castigar a las empresas calificadores \u201cpor no ser objetivas\u201d.<\/p>\n\n\n\n<p>Tambi\u00e9n plante\u00f3 una propuesta para prohibir la m\u00fasica de reget\u00f3n y todos los g\u00e9neros musicales que, seg\u00fan \u00e9l, tienen cualquier forma de violencia en su contenido o una actitud mis\u00f3gina con las mujeres.<\/p>\n\n\n\n<p>Tambi\u00e9n se vio involucrado en un caso de nepotismo cuando en 2019, una de sus hijas, fue designada por el gobierno federal como funcionaria en la Secretar\u00eda de Seguridad.&nbsp;<\/p>\n\n\n\n<p>En ese entonces, Alfonso Durazo, ahora gobernador de Sonora, nombr\u00f3 a Bxido Jara como secretaria t\u00e9cnica estatal para la pacificaci\u00f3n del Oaxaca, pero ante las cr\u00edticas por el presunto tr\u00e1fico de influencias de su padre para alcanzar el cargo Jara Bola\u00f1os renunci\u00f3 al cargo.<\/p>\n\n\n\n<p>Gan\u00f3 las elecciones el pasado 5 de junio, superando al abanderado del PRI, Alejandro Avil\u00e9s \u00c1lvarez.<\/p>\n","protected":false},"excerpt":{"rendered":"<p>Yuridiana Sosa\/Zona Roja. Oaxaca de Ju\u00e1rez, Oax., a 1 de diciembre de 2022.- En sesi\u00f3n&hellip;<\/p>\n","protected":false},"author":2,"featured_media":48751,"comment_status":"closed","ping_status":"open","sticky":false,"template":"","format":"standard","meta":{"_lmt_disableupdate":"","_lmt_disable":"","_jetpack_memberships_contains_paid_content":false,"footnotes":""},"categories":[109,46],"tags":[939],"class_list":["post-48750","post","type-post","status-publish","format-standard","has-post-thumbnail","hentry","category-minuto-a-minuto","category-zona-blanca","tag-salomon-jara-cruz"],"jetpack_featured_media_url":"https:\/\/zonaroja.com.mx\/wp-content\/uploads\/2022\/12\/FOTO1_Rinde-protesta-en-el-Congreso-Salomon-Jara-Cruz-como-Gobernador-Constitucional-del-Estado-de-Oaxaca.jpeg","jetpack_sharing_enabled":true,"_links":{"self":[{"href":"https:\/\/zonaroja.com.mx\/index.php?rest_route=\/wp\/v2\/posts\/48750","targetHints":{"allow":["GET"]}}],"collection":[{"href":"https:\/\/zonaroja.com.mx\/index.php?rest_route=\/wp\/v2\/posts"}],"about":[{"href":"https:\/\/zonaroja.com.mx\/index.php?rest_route=\/wp\/v2\/types\/post"}],"author":[{"embeddable":true,"href":"https:\/\/zonaroja.com.mx\/index.php?rest_route=\/wp\/v2\/users\/2"}],"replies":[{"embeddable":true,"href":"https:\/\/zonaroja.com.mx\/index.php?rest_route=%2Fwp%2Fv2%2Fcomments&post=48750"}],"version-history":[{"count":1,"href":"https:\/\/zonaroja.com.mx\/index.php?rest_route=\/wp\/v2\/posts\/48750\/revisions"}],"predecessor-version":[{"id":48752,"href":"https:\/\/zonaroja.com.mx\/index.php?rest_route=\/wp\/v2\/posts\/48750\/revisions\/48752"}],"wp:featuredmedia":[{"embeddable":true,"href":"https:\/\/zonaroja.com.mx\/index.php?rest_route=\/wp\/v2\/media\/48751"}],"wp:attachment":[{"href":"https:\/\/zonaroja.com.mx\/index.php?rest_route=%2Fwp%2Fv2%2Fmedia&parent=48750"}],"wp:term":[{"taxonomy":"category","embeddable":true,"href":"https:\/\/zonaroja.com.mx\/index.php?rest_route=%2Fwp%2Fv2%2Fcategories&post=48750"},{"taxonomy":"post_tag","embeddable":true,"href":"https:\/\/zonaroja.com.mx\/index.php?rest_route=%2Fwp%2Fv2%2Ftags&post=48750"}],"curies":[{"name":"wp","href":"https:\/\/api.w.org\/{rel}","templated":true}]}}