{"id":48753,"date":"2022-12-01T17:22:59","date_gmt":"2022-12-01T23:22:59","guid":{"rendered":"http:\/\/www.zonaroja.com.mx\/?p=48753"},"modified":"2022-12-01T17:23:01","modified_gmt":"2022-12-01T23:23:01","slug":"emplaza-seccion-del-snte-a-jara-cruz-a-atender-sus-demandas","status":"publish","type":"post","link":"https:\/\/zonaroja.com.mx\/?p=48753","title":{"rendered":"Emplaza Secci\u00f3n del SNTE a Jara Cruz a atender sus demandas"},"content":{"rendered":"\n<p>Yuridiana Sosa\/Zona Roja.<\/p>\n\n\n\n<p>Oaxaca de Ju\u00e1rez, Oax., 1 de diciembre de 2022.- Tras su primera marcha para demostrar que el movimiento magisterial sigue vivo, la Secci\u00f3n 22 del SNTE emplaz\u00f3 al gobernador Salom\u00f3n Jara en su primer d\u00eda de gobierno, con el fin de que atienda sus demandas o realizar\u00e1n protestas.<\/p>\n\n\n\n<p>Este jueves el magisterio oaxaque\u00f1o realiz\u00f3 su primera marcha-protesta masiva bajo el nuevo Comit\u00e9 Ejecutivo Seccional, para exigir al nuevo gobierno de Oaxaca y al federal, ambos de Morena el cumplimiento de sus derechos conquistados y para mostrar \u201cel m\u00fasculo\u201d del movimiento que se vuelve a reorganizar.<\/p>\n\n\n\n<p>Bajo la sentencia de reservarse el derecho de accionar, la Secci\u00f3n 22, representada por la secretaria general Yenny Aracely P\u00e9rez Mart\u00ednez, exigi\u00f3 la toma de nota para el nuevo Comit\u00e9 Ejecutivo Seccional.<\/p>\n\n\n\n<p>\u201cQue quede claro, rectificamos nuestro principio t\u00e1ctico- estrat\u00e9gico de lucha, movilizaci\u00f3n, negociaci\u00f3n, movilizaci\u00f3n\u201d se\u00f1al\u00f3 la dirigente magisterial durante el mitin frente a Palacio de Gobierno, luego de una marcha que parti\u00f3 desde el crucero de Trinidad de Viguera, en el acceso poniente a la ciudad de Oaxaca.<\/p>\n\n\n\n<figure class=\"wp-block-embed is-type-rich is-provider-twitter wp-block-embed-twitter\"><div class=\"wp-block-embed__wrapper\">\n<div class=\"twitter-tweet\"><blockquote class=\"twitter-tweet\" data-lang=\"es\"><p lang=\"es\" dir=\"ltr\"><a href=\"https:\/\/twitter.com\/hashtag\/ENVIVO?src=hash&amp;ref_src=twsrc%5Etfw\">#ENVIVO<\/a> <br>Oaxaca de Ju\u00e1rez, Oax., a 1 de diciembre de 2022.- Marcha de la Secci\u00f3n 22 del SNTE para fijar su posicionamiento ante el gobernador <a href=\"https:\/\/twitter.com\/salomonj?ref_src=twsrc%5Etfw\">@salomonj<\/a>, y m\u00edtin en el z\u00f3calo de la capital de Oaxaca.<br>Transmisi\u00f3n \ud83d\udc47<a href=\"https:\/\/t.co\/DyOSSUj1bd\">https:\/\/t.co\/DyOSSUj1bd<\/a> <a href=\"https:\/\/t.co\/zNeGu6XJ2O\">pic.twitter.com\/zNeGu6XJ2O<\/a><\/p>&mdash; Zona Roja Oaxaca (@ZonaRoja_Oaxaca) <a href=\"https:\/\/twitter.com\/ZonaRoja_Oaxaca\/status\/1598409691318591499?ref_src=twsrc%5Etfw\">1 de diciembre de 2022<\/a><\/blockquote><\/div>\n<\/div><\/figure>\n\n\n\n<p>Ante la llegada del gobierno de la \u201ccuarta transformaci\u00f3n\u201d, la Secci\u00f3n 22 manifest\u00f3 que \u201cning\u00fan partido pol\u00edtico o gobierno garantiza la transformaci\u00f3n y democratizaci\u00f3n del pa\u00eds, al que como movimiento aspiramos y por el cual hemos luchado\u201d.<\/p>\n\n\n\n<p>Por lo que tambi\u00e9n sentenciaron que est\u00e1n listos para reorganizarse y poner en la mesa de negociaci\u00f3n las demandas hist\u00f3ricas de su movimiento.<\/p>\n\n\n\n<p>Mientras que al gobierno que encabez\u00f3 Alejandro Murat Hinojosa, P\u00e9rez Mart\u00ednez enfatiz\u00f3 que el gremio manifiesta su rechazo y repudio por la complicidad para pisotear los derechos laborales, pues se van impunes, por lo que van a exigir el castigo para los integrantes de ese gobierno.<\/p>\n\n\n\n<p>La marcha de la Secci\u00f3n 22 Sindicato Nacional de Trabajadores de la Educaci\u00f3n (SNTE) estuvo acompa\u00f1ada por diversas organizaciones.<\/p>\n\n\n\n<p>El nuevo Comit\u00e9 Ejecutivo Seccional determin\u00f3 que en su periodo consolidar\u00e1n y fortalecer\u00e1n el v\u00ednculo con el movimiento social y comunitarios de Oaxaca, pues hist\u00f3ricamente se han acompa\u00f1ado en sus luchas.<\/p>\n\n\n\n<figure class=\"wp-block-embed is-type-rich is-provider-twitter wp-block-embed-twitter\"><div class=\"wp-block-embed__wrapper\">\n<div class=\"twitter-tweet\"><blockquote class=\"twitter-tweet\" data-lang=\"es\"><p lang=\"es\" dir=\"ltr\">\u201cLe decimos a <a href=\"https:\/\/twitter.com\/salomonj?ref_src=twsrc%5Etfw\">@salomonj<\/a> y al gobierno federal que estamos dispuestos a defender la dignidad\u201d.<br>\u201cA <a href=\"https:\/\/twitter.com\/alejandromurat?ref_src=twsrc%5Etfw\">@alejandromurat<\/a> le manifestamos rechazo y repudio por la complicidad para pisotear los derechos laborales. Se van impunes pero vamos a exigir el castigo para ellos y sus c\u00f3mplices\u201d. <a href=\"https:\/\/t.co\/KAlGjkcLcK\">pic.twitter.com\/KAlGjkcLcK<\/a><\/p>&mdash; Zona Roja Oaxaca (@ZonaRoja_Oaxaca) <a href=\"https:\/\/twitter.com\/ZonaRoja_Oaxaca\/status\/1598423427362480128?ref_src=twsrc%5Etfw\">1 de diciembre de 2022<\/a><\/blockquote><\/div>\n<\/div><\/figure>\n","protected":false},"excerpt":{"rendered":"<p>Yuridiana Sosa\/Zona Roja. Oaxaca de Ju\u00e1rez, Oax., 1 de diciembre de 2022.- Tras su primera&hellip;<\/p>\n","protected":false},"author":2,"featured_media":48754,"comment_status":"closed","ping_status":"open","sticky":false,"template":"","format":"standard","meta":{"_lmt_disableupdate":"","_lmt_disable":"","_jetpack_memberships_contains_paid_content":false,"footnotes":""},"categories":[109,47],"tags":[312,3329],"class_list":["post-48753","post","type-post","status-publish","format-standard","has-post-thumbnail","hentry","category-minuto-a-minuto","category-zona-gris","tag-seccion-22-del-snte","tag-yenny-arely-perez-martinez"],"jetpack_featured_media_url":"https:\/\/zonaroja.com.mx\/wp-content\/uploads\/2022\/12\/Marcha-Seccion-22-Yenny-Arely-Perez.jpg","jetpack_sharing_enabled":true,"_links":{"self":[{"href":"https:\/\/zonaroja.com.mx\/index.php?rest_route=\/wp\/v2\/posts\/48753","targetHints":{"allow":["GET"]}}],"collection":[{"href":"https:\/\/zonaroja.com.mx\/index.php?rest_route=\/wp\/v2\/posts"}],"about":[{"href":"https:\/\/zonaroja.com.mx\/index.php?rest_route=\/wp\/v2\/types\/post"}],"author":[{"embeddable":true,"href":"https:\/\/zonaroja.com.mx\/index.php?rest_route=\/wp\/v2\/users\/2"}],"replies":[{"embeddable":true,"href":"https:\/\/zonaroja.com.mx\/index.php?rest_route=%2Fwp%2Fv2%2Fcomments&post=48753"}],"version-history":[{"count":1,"href":"https:\/\/zonaroja.com.mx\/index.php?rest_route=\/wp\/v2\/posts\/48753\/revisions"}],"predecessor-version":[{"id":48755,"href":"https:\/\/zonaroja.com.mx\/index.php?rest_route=\/wp\/v2\/posts\/48753\/revisions\/48755"}],"wp:featuredmedia":[{"embeddable":true,"href":"https:\/\/zonaroja.com.mx\/index.php?rest_route=\/wp\/v2\/media\/48754"}],"wp:attachment":[{"href":"https:\/\/zonaroja.com.mx\/index.php?rest_route=%2Fwp%2Fv2%2Fmedia&parent=48753"}],"wp:term":[{"taxonomy":"category","embeddable":true,"href":"https:\/\/zonaroja.com.mx\/index.php?rest_route=%2Fwp%2Fv2%2Fcategories&post=48753"},{"taxonomy":"post_tag","embeddable":true,"href":"https:\/\/zonaroja.com.mx\/index.php?rest_route=%2Fwp%2Fv2%2Ftags&post=48753"}],"curies":[{"name":"wp","href":"https:\/\/api.w.org\/{rel}","templated":true}]}}