{"id":48756,"date":"2022-12-01T20:14:41","date_gmt":"2022-12-02T02:14:41","guid":{"rendered":"http:\/\/www.zonaroja.com.mx\/?p=48756"},"modified":"2022-12-01T20:14:43","modified_gmt":"2022-12-02T02:14:43","slug":"reciben-a-salomon-jara-y-a-la-sspo-con-dos-ejecutados","status":"publish","type":"post","link":"https:\/\/zonaroja.com.mx\/?p=48756","title":{"rendered":"Reciben a Salom\u00f3n Jara y a la SSPO con dos ejecutados"},"content":{"rendered":"\n<p>Ismael Garc\u00eda M.\/Zona Roja.<\/p>\n\n\n\n<p>Oaxaca de Ju\u00e1rez, Oax., a 1 de diciembre de 2022.- La autollamada \u201cprimavera oaxaque\u00f1a\u201d fue recibida por la delincuencia con el asesinato a balazos de dos personas, en las regiones Istmo de Tehuantepec y Costa.<\/p>\n\n\n\n<p>En el primer d\u00eda de gobierno de Salom\u00f3n Jara Cruz, fue localizado un cuerpo sin vida y con disparos de arma de fuego, uno de ellos en la cabeza, en la carretera Tran\u00edstmica La Ventosa-Mat\u00edas Romero, a la altura del crucero a El Mezquite, Asunci\u00f3n Ixtaltepec.<\/p>\n\n\n\n<p>La v\u00edctima se hallaba a orillas de la v\u00eda y hasta el momento no ha sido identificada. Viste un pantal\u00f3n negro, playera azul y calzaba botas tipo t\u00e1cticas.<\/p>\n\n\n\n<p>Mientras que esta noche en el Barrio Nuevo de la cabecera municipal de Santa Mar\u00eda Huatulco, esta tarde fue asesinada una persona del sexo masculino, cuya identidad a\u00fan se desconoce, al igual que el m\u00f3vil del crimen.<\/p>\n\n\n\n<p>Por otra parte, en el primer minuto de este jueves 1 de diciembre, asumi\u00f3 el mando el secretario de Seguridad y Protecci\u00f3n Ciudadana, Iv\u00e1n Garc\u00eda \u00c1lvarez.<\/p>\n\n\n\n<p>Adem\u00e1s, se present\u00f3 al comisionado de la Polic\u00eda Estatal, Gerardo Robles Lara, ambos provenientes de las fuerzas armadas y ajenos al estado.<\/p>\n\n\n\n<p>Ello \u201ccon el objetivo de iniciar las estrategias necesarias para garantizar la paz social y la seguridad de la poblaci\u00f3n oaxaque\u00f1a, Garc\u00eda \u00c1lvarez tom\u00f3 su responsabilidad de manera inmediata\u201d, se inform\u00f3 en un bolet\u00edn de prensa.<\/p>\n\n\n\n<p>IDENTIFICAN A EJECUTADOS<\/p>\n\n\n\n<p>Por otra parte, respecto a los tres ejecutados ayer en Juchit\u00e1n de Zaragoza, \u00faltimo d\u00eda del gobierno de Alejandro Murat, este d\u00eda fueron identificados.<\/p>\n\n\n\n<p>Se trata del taxista Willian de Jes\u00fas \u201cN\u201d, Esmeralda \u201cN\u201d, y Jos\u00e9 El\u00edas \u201cN\u201d, este \u00faltimo en la cajuela del taxi del sitio \u201cJos\u00e9 F. G\u00f3mez; ten\u00edan su domicilio en la colonia Lorenza Santos y a\u00fan se desconocen las causas de la masacre; tampoco hay detenidos por este caso.<\/p>\n","protected":false},"excerpt":{"rendered":"<p>Ismael Garc\u00eda M.\/Zona Roja. Oaxaca de Ju\u00e1rez, Oax., a 1 de diciembre de 2022.- La&hellip;<\/p>\n","protected":false},"author":2,"featured_media":48757,"comment_status":"closed","ping_status":"open","sticky":false,"template":"","format":"standard","meta":{"_lmt_disableupdate":"","_lmt_disable":"","_jetpack_memberships_contains_paid_content":false,"footnotes":""},"categories":[109,51],"tags":[1821],"class_list":["post-48756","post","type-post","status-publish","format-standard","has-post-thumbnail","hentry","category-minuto-a-minuto","category-zona-roja","tag-asuncion-ixtaltepec"],"jetpack_featured_media_url":"https:\/\/zonaroja.com.mx\/wp-content\/uploads\/2022\/12\/Ejecutado-Istmo-Matias-La-Ventosa.jpeg","jetpack_sharing_enabled":true,"_links":{"self":[{"href":"https:\/\/zonaroja.com.mx\/index.php?rest_route=\/wp\/v2\/posts\/48756","targetHints":{"allow":["GET"]}}],"collection":[{"href":"https:\/\/zonaroja.com.mx\/index.php?rest_route=\/wp\/v2\/posts"}],"about":[{"href":"https:\/\/zonaroja.com.mx\/index.php?rest_route=\/wp\/v2\/types\/post"}],"author":[{"embeddable":true,"href":"https:\/\/zonaroja.com.mx\/index.php?rest_route=\/wp\/v2\/users\/2"}],"replies":[{"embeddable":true,"href":"https:\/\/zonaroja.com.mx\/index.php?rest_route=%2Fwp%2Fv2%2Fcomments&post=48756"}],"version-history":[{"count":1,"href":"https:\/\/zonaroja.com.mx\/index.php?rest_route=\/wp\/v2\/posts\/48756\/revisions"}],"predecessor-version":[{"id":48758,"href":"https:\/\/zonaroja.com.mx\/index.php?rest_route=\/wp\/v2\/posts\/48756\/revisions\/48758"}],"wp:featuredmedia":[{"embeddable":true,"href":"https:\/\/zonaroja.com.mx\/index.php?rest_route=\/wp\/v2\/media\/48757"}],"wp:attachment":[{"href":"https:\/\/zonaroja.com.mx\/index.php?rest_route=%2Fwp%2Fv2%2Fmedia&parent=48756"}],"wp:term":[{"taxonomy":"category","embeddable":true,"href":"https:\/\/zonaroja.com.mx\/index.php?rest_route=%2Fwp%2Fv2%2Fcategories&post=48756"},{"taxonomy":"post_tag","embeddable":true,"href":"https:\/\/zonaroja.com.mx\/index.php?rest_route=%2Fwp%2Fv2%2Ftags&post=48756"}],"curies":[{"name":"wp","href":"https:\/\/api.w.org\/{rel}","templated":true}]}}