{"id":48759,"date":"2022-12-01T21:43:26","date_gmt":"2022-12-02T03:43:26","guid":{"rendered":"http:\/\/www.zonaroja.com.mx\/?p=48759"},"modified":"2022-12-01T21:43:27","modified_gmt":"2022-12-02T03:43:27","slug":"y-se-arrepintio-lopez-obrador-de-hacerle-homenaje-publico-a-alejandro-murat","status":"publish","type":"post","link":"https:\/\/zonaroja.com.mx\/?p=48759","title":{"rendered":"Y se arrepinti\u00f3 L\u00f3pez Obrador de hacerle homenaje p\u00fablico a Alejandro Murat"},"content":{"rendered":"\n<p>Yuridiana Sosa\/Zona Roja.<\/p>\n\n\n\n<p>Oaxaca de Ju\u00e1rez, Oax., 1 de diciembre de 2022.- Alejandro Murat Hinojosa concluy\u00f3 su mandato en Oaxaca y el reconocimiento de parte del Presidente de M\u00e9xico, Andr\u00e9s Manuel L\u00f3pez Obrador no lleg\u00f3, pese a la estrecha relaci\u00f3n.<\/p>\n\n\n\n<p>Durante la visita a Huatulco, Oaxaca, el pasado 30 de septiembre, el mandatario mexicano propuso realizarle un homenaje al gobernante emanado del PRI, por su \u201ccalificado desempe\u00f1o\u201d y colaboraci\u00f3n con el gobierno federal para el bienestar de la entidad.<\/p>\n\n\n\n<p>La propuesta se exhibi\u00f3 en la reuni\u00f3n de funcionarios federales, estatales y municipales para la supervisi\u00f3n del plan de apoyo a la poblaci\u00f3n afectada por hurac\u00e1n \u201cAgatha\u201d, efectuada en las instalaciones del 98 Batall\u00f3n de Infanter\u00eda en Santa Mar\u00eda Huatulco.<\/p>\n\n\n\n<p>El acto para reconocer a Murat Hinojosa qued\u00f3 previsto, por L\u00f3pez Obrador, para el pasado 25 de noviembre. En el mismo lugar, seg\u00fan lo coment\u00f3 en dicho encuentro, pero no ocurri\u00f3.<\/p>\n\n\n\n<p>\u00abVamos a estar antes de que concluya el periodo de gobierno, le vamos a hacer un reconocimiento\u2026 viernes 25 de noviembre, \u00bfles parece? Ya quedamos en el mismo lugar, a la misma hora\u201d, expres\u00f3 L\u00f3pez Obrador en septiembre.<\/p>\n\n\n\n<p>Pero, aunque el Presidente de M\u00e9xico no estuvo, ni se trat\u00f3 de un acto p\u00fablico, Murat Hinojosa s\u00ed se celebr\u00f3 en esa fecha. Lo cual fue independiente a su sexto informe de gobierno.<\/p>\n\n\n\n<p>En un acto reservado en el Centro Cultural y de Convenciones, en Santa Luc\u00eda del Camino, con funcionarios y figuras p\u00fablicas de su ideolog\u00eda partidista, Alejandro Murat vanaglori\u00f3 su desempe\u00f1o durante los seis a\u00f1os de su administraci\u00f3n.<\/p>\n\n\n\n<p>EL ADI\u00d3S<\/p>\n\n\n\n<p>Con un breve mensaje dirigido a la poblaci\u00f3n desde sus redes sociales, Alejandro Murat se despidi\u00f3 ayer 30 de noviembre de los oaxaque\u00f1os.<\/p>\n\n\n\n<p>\u201cHoy es el \u00faltimo d\u00eda, por eso quiero agradecer que me hayan dado la oportunidad de servir, de asumir la responsabilidad, el privilegio y el honor m\u00e1s grande, por eso a nombre m\u00edo y de mi familia, gracias\u201d, dijo el ahora ex gobernador de Oaxaca.&nbsp;<\/p>\n","protected":false},"excerpt":{"rendered":"<p>Yuridiana Sosa\/Zona Roja. Oaxaca de Ju\u00e1rez, Oax., 1 de diciembre de 2022.- Alejandro Murat Hinojosa&hellip;<\/p>\n","protected":false},"author":2,"featured_media":42507,"comment_status":"closed","ping_status":"open","sticky":false,"template":"","format":"standard","meta":{"_lmt_disableupdate":"","_lmt_disable":"","_jetpack_memberships_contains_paid_content":false,"footnotes":""},"categories":[109,47],"tags":[102],"class_list":["post-48759","post","type-post","status-publish","format-standard","has-post-thumbnail","hentry","category-minuto-a-minuto","category-zona-gris","tag-alejandro-murat"],"jetpack_featured_media_url":"https:\/\/zonaroja.com.mx\/wp-content\/uploads\/2022\/06\/img_1536.jpg","jetpack_sharing_enabled":true,"_links":{"self":[{"href":"https:\/\/zonaroja.com.mx\/index.php?rest_route=\/wp\/v2\/posts\/48759","targetHints":{"allow":["GET"]}}],"collection":[{"href":"https:\/\/zonaroja.com.mx\/index.php?rest_route=\/wp\/v2\/posts"}],"about":[{"href":"https:\/\/zonaroja.com.mx\/index.php?rest_route=\/wp\/v2\/types\/post"}],"author":[{"embeddable":true,"href":"https:\/\/zonaroja.com.mx\/index.php?rest_route=\/wp\/v2\/users\/2"}],"replies":[{"embeddable":true,"href":"https:\/\/zonaroja.com.mx\/index.php?rest_route=%2Fwp%2Fv2%2Fcomments&post=48759"}],"version-history":[{"count":1,"href":"https:\/\/zonaroja.com.mx\/index.php?rest_route=\/wp\/v2\/posts\/48759\/revisions"}],"predecessor-version":[{"id":48760,"href":"https:\/\/zonaroja.com.mx\/index.php?rest_route=\/wp\/v2\/posts\/48759\/revisions\/48760"}],"wp:featuredmedia":[{"embeddable":true,"href":"https:\/\/zonaroja.com.mx\/index.php?rest_route=\/wp\/v2\/media\/42507"}],"wp:attachment":[{"href":"https:\/\/zonaroja.com.mx\/index.php?rest_route=%2Fwp%2Fv2%2Fmedia&parent=48759"}],"wp:term":[{"taxonomy":"category","embeddable":true,"href":"https:\/\/zonaroja.com.mx\/index.php?rest_route=%2Fwp%2Fv2%2Fcategories&post=48759"},{"taxonomy":"post_tag","embeddable":true,"href":"https:\/\/zonaroja.com.mx\/index.php?rest_route=%2Fwp%2Fv2%2Ftags&post=48759"}],"curies":[{"name":"wp","href":"https:\/\/api.w.org\/{rel}","templated":true}]}}