{"id":48761,"date":"2022-12-01T22:22:39","date_gmt":"2022-12-02T04:22:39","guid":{"rendered":"http:\/\/www.zonaroja.com.mx\/?p=48761"},"modified":"2022-12-01T22:22:40","modified_gmt":"2022-12-02T04:22:40","slug":"reciben-a-gobierno-de-jara-y-a-la-segego-con-bloqueos-y-quema-de-vehiculos","status":"publish","type":"post","link":"https:\/\/zonaroja.com.mx\/?p=48761","title":{"rendered":"Reciben a gobierno de Jara y a la Segego con bloqueos y quema de veh\u00edculos"},"content":{"rendered":"\n<p>Ismael Garc\u00eda M.\/Zona Roja.<\/p>\n\n\n\n<p>Oaxaca de Ju\u00e1rez, Oax., a 1 de diciembre de 2022.- Al menos tres bloqueos carreteros y uno de oficinas se registraron este 1 de diciembre, al iniciar el gobierno de Salom\u00f3n Jara Cruz, emanado del Partido Morena.<\/p>\n\n\n\n<p>Pese a que en un caso hubo al menos dos veh\u00edculos incendiados y en otro permanece hasta esta noche el cierre vial, la Secretar\u00eda General de Gobierno, que encabeza Jes\u00fas Romero L\u00f3pez, no ha emitido informaci\u00f3n al respecto ni detallado si hay hay atenci\u00f3n a las inconformidades.<\/p>\n\n\n\n<p>La v\u00eda federal 190 Oaxaca-Istmo, a la altura de la planta de almacenamiento de Pemex, en jurisdicci\u00f3n de Santa Mar\u00eda El Tule, contin\u00faa cerrada e incluso los inconformes bloquearon tambi\u00e9n con zanjas los pasos alternos, que son de terracer\u00eda.<\/p>\n\n\n\n<p>Se trata de pobladores que viven en agencias del municipio de Salina Cruz y reclaman pago de da\u00f1os por la contaminaci\u00f3n originada de la refiner\u00eda y que caus\u00f3 afectaciones al medio ambiente y a los pescadores; se instalaron al mediod\u00eda y contin\u00faan en la zona.<\/p>\n\n\n\n<p>Habitantes de agencias de San Mateo R\u00edo Hondo reanudaron sus protestas y bloqueos a la carretera federal 175 Oaxaca-Puerto \u00c1ngel, a la altura de San Jos\u00e9 del Pac\u00edfico.<\/p>\n\n\n\n<p>Ello para reiterar su exigencia de la suspensi\u00f3n de mandato del edil \u00c1ngel Gerardo Ruiz Vel\u00e1squez, a quien acusan de corrupci\u00f3n; en el sitio quemaron dos unidades de motor, al parecer una de ellas patrulla.<\/p>\n\n\n\n<p>Mientras que integrantes del Sindicato \u00danico de Trabajadores Docentes del Estado de Oaxaca pararon labores desde este jueves 1 de diciembre, para exigir el pago de salarios atrasados y el cumplimiento de otras prestaciones.<\/p>\n\n\n\n<p>En tanto, despu\u00e9s de un mes, afiliados al Sindicato Federal Democr\u00e1tico de Salud continuaron este 1 de diciembre con la \u201ctoma\u201d de las oficinas administrativas de los Servicios de Salud de Oaxaca, en la colonia Reforma, sin que ninguna autoridad actual atienda sus demandas.<\/p>\n","protected":false},"excerpt":{"rendered":"<p>Ismael Garc\u00eda M.\/Zona Roja. Oaxaca de Ju\u00e1rez, Oax., a 1 de diciembre de 2022.- Al&hellip;<\/p>\n","protected":false},"author":2,"featured_media":48763,"comment_status":"closed","ping_status":"open","sticky":false,"template":"","format":"standard","meta":{"_lmt_disableupdate":"","_lmt_disable":"","_jetpack_memberships_contains_paid_content":false,"footnotes":""},"categories":[109,47],"tags":[2264],"class_list":["post-48761","post","type-post","status-publish","format-standard","has-post-thumbnail","hentry","category-minuto-a-minuto","category-zona-gris","tag-bloqueos-y-protestas-oaxaca"],"jetpack_featured_media_url":"https:\/\/zonaroja.com.mx\/wp-content\/uploads\/2022\/12\/Bloqueos-carreteros-1-de-diciembre.jpg","jetpack_sharing_enabled":true,"_links":{"self":[{"href":"https:\/\/zonaroja.com.mx\/index.php?rest_route=\/wp\/v2\/posts\/48761","targetHints":{"allow":["GET"]}}],"collection":[{"href":"https:\/\/zonaroja.com.mx\/index.php?rest_route=\/wp\/v2\/posts"}],"about":[{"href":"https:\/\/zonaroja.com.mx\/index.php?rest_route=\/wp\/v2\/types\/post"}],"author":[{"embeddable":true,"href":"https:\/\/zonaroja.com.mx\/index.php?rest_route=\/wp\/v2\/users\/2"}],"replies":[{"embeddable":true,"href":"https:\/\/zonaroja.com.mx\/index.php?rest_route=%2Fwp%2Fv2%2Fcomments&post=48761"}],"version-history":[{"count":1,"href":"https:\/\/zonaroja.com.mx\/index.php?rest_route=\/wp\/v2\/posts\/48761\/revisions"}],"predecessor-version":[{"id":48764,"href":"https:\/\/zonaroja.com.mx\/index.php?rest_route=\/wp\/v2\/posts\/48761\/revisions\/48764"}],"wp:featuredmedia":[{"embeddable":true,"href":"https:\/\/zonaroja.com.mx\/index.php?rest_route=\/wp\/v2\/media\/48763"}],"wp:attachment":[{"href":"https:\/\/zonaroja.com.mx\/index.php?rest_route=%2Fwp%2Fv2%2Fmedia&parent=48761"}],"wp:term":[{"taxonomy":"category","embeddable":true,"href":"https:\/\/zonaroja.com.mx\/index.php?rest_route=%2Fwp%2Fv2%2Fcategories&post=48761"},{"taxonomy":"post_tag","embeddable":true,"href":"https:\/\/zonaroja.com.mx\/index.php?rest_route=%2Fwp%2Fv2%2Ftags&post=48761"}],"curies":[{"name":"wp","href":"https:\/\/api.w.org\/{rel}","templated":true}]}}