{"id":48765,"date":"2022-12-01T22:23:18","date_gmt":"2022-12-02T04:23:18","guid":{"rendered":"http:\/\/www.zonaroja.com.mx\/?p=48765"},"modified":"2022-12-01T23:06:38","modified_gmt":"2022-12-02T05:06:38","slug":"pendiente-6","status":"publish","type":"post","link":"https:\/\/zonaroja.com.mx\/?p=48765","title":{"rendered":"Deja accidente de autob\u00fas al menos 3 muertos 36 heridos; vinieron al mitin de Salom\u00f3n Jara"},"content":{"rendered":"\n<p>Ismael Garc\u00eda M.\/Zona Roja.<\/p>\n\n\n\n<p>Oaxaca de Ju\u00e1rez, Oax., a 1 de diciembre de 2022.- La fiesta por la asunci\u00f3n del gobernador Salom\u00f3n Jara Cruz termin\u00f3 en tragedia.<\/p>\n\n\n\n<p>Un autob\u00fas que llevaba de regreso a la Cuenca a personas que hab\u00edan venido a la capita de Oaxaca a los m\u00edtines y calenda, volc\u00f3 en jurisdicci\u00f3n de la Sierra Ju\u00e1rez y dej\u00f3 como saldo preliminar tres muertos y 36 lesionados. <\/p>\n\n\n\n<p>El percance del autob\u00fas de la l\u00ednea \u201cGonz\u00e1lez Tour\u201d, con n\u00famero econ\u00f3mico 700 y placas de circulaci\u00f3n 216-RM-5, ocurri\u00f3 en la carretera federal Oaxaca-Tuxtepec, en una curva a la altura de la localidad San Miguel del R\u00edo, del kil\u00f3metro 176, cerca de Ixtl\u00e1n de Ju\u00e1rez.<\/p>\n\n\n\n<p>Corporaciones de seguridad y auxilio, as\u00ed como al menos una decena de ambulancias se encuentran en la zona para el rescate de las v\u00edctimas y traslado de los lesionados a la capital del estado.<\/p>\n\n\n\n<p>V\u00eda redes sociales, el gobernador Salom\u00f3n Jara Cruz lament\u00f3 los hechos e inform\u00f3 que se brinda todo el apoyo necesario a las v\u00edctimas.<\/p>\n","protected":false},"excerpt":{"rendered":"<p>Ismael Garc\u00eda M.\/Zona Roja. Oaxaca de Ju\u00e1rez, Oax., a 1 de diciembre de 2022.- La&hellip;<\/p>\n","protected":false},"author":2,"featured_media":48762,"comment_status":"closed","ping_status":"open","sticky":false,"template":"","format":"standard","meta":{"_lmt_disableupdate":"","_lmt_disable":"","_jetpack_memberships_contains_paid_content":false,"footnotes":""},"categories":[109,51],"tags":[],"class_list":["post-48765","post","type-post","status-publish","format-standard","has-post-thumbnail","hentry","category-minuto-a-minuto","category-zona-roja"],"jetpack_featured_media_url":"https:\/\/zonaroja.com.mx\/wp-content\/uploads\/2022\/12\/Accidente-autobus-Sierra-Juarez.jpg","jetpack_sharing_enabled":true,"_links":{"self":[{"href":"https:\/\/zonaroja.com.mx\/index.php?rest_route=\/wp\/v2\/posts\/48765","targetHints":{"allow":["GET"]}}],"collection":[{"href":"https:\/\/zonaroja.com.mx\/index.php?rest_route=\/wp\/v2\/posts"}],"about":[{"href":"https:\/\/zonaroja.com.mx\/index.php?rest_route=\/wp\/v2\/types\/post"}],"author":[{"embeddable":true,"href":"https:\/\/zonaroja.com.mx\/index.php?rest_route=\/wp\/v2\/users\/2"}],"replies":[{"embeddable":true,"href":"https:\/\/zonaroja.com.mx\/index.php?rest_route=%2Fwp%2Fv2%2Fcomments&post=48765"}],"version-history":[{"count":2,"href":"https:\/\/zonaroja.com.mx\/index.php?rest_route=\/wp\/v2\/posts\/48765\/revisions"}],"predecessor-version":[{"id":48767,"href":"https:\/\/zonaroja.com.mx\/index.php?rest_route=\/wp\/v2\/posts\/48765\/revisions\/48767"}],"wp:featuredmedia":[{"embeddable":true,"href":"https:\/\/zonaroja.com.mx\/index.php?rest_route=\/wp\/v2\/media\/48762"}],"wp:attachment":[{"href":"https:\/\/zonaroja.com.mx\/index.php?rest_route=%2Fwp%2Fv2%2Fmedia&parent=48765"}],"wp:term":[{"taxonomy":"category","embeddable":true,"href":"https:\/\/zonaroja.com.mx\/index.php?rest_route=%2Fwp%2Fv2%2Fcategories&post=48765"},{"taxonomy":"post_tag","embeddable":true,"href":"https:\/\/zonaroja.com.mx\/index.php?rest_route=%2Fwp%2Fv2%2Ftags&post=48765"}],"curies":[{"name":"wp","href":"https:\/\/api.w.org\/{rel}","templated":true}]}}