{"id":48769,"date":"2022-12-02T06:44:16","date_gmt":"2022-12-02T12:44:16","guid":{"rendered":"http:\/\/www.zonaroja.com.mx\/?p=48769"},"modified":"2022-12-02T06:54:44","modified_gmt":"2022-12-02T12:54:44","slug":"despues-de-12-anos-desalojan-a-triquis-del-portal-del-palacio-de-gobierno","status":"publish","type":"post","link":"https:\/\/zonaroja.com.mx\/?p=48769","title":{"rendered":"Despu\u00e9s de 12 a\u00f1os, desalojan a triquis del portal del Palacio de Gobierno"},"content":{"rendered":"\n<p>Ismael Garc\u00eda M.\/Zona Roja.<\/p>\n\n\n\n<p>Oaxaca de Ju\u00e1rez, Oax., a 2 de diciembre de 2022.- Luego de m\u00e1s de 12 a\u00f1os de haberse instalado, ind\u00edgenas triquis de Copala, Juxtlahuaca, fueron desalojados del portal del Palacio de Gobierno de Oaxaca.<\/p>\n\n\n\n<p>El operativo inici\u00f3 poco despu\u00e9s de las 01:00 horas y coordinado por el Gobierno del Estado, que encabeza Salom\u00f3n Jara Cruz, y el ayuntamiento que preside Francisco Mart\u00ednez Neri, ambos surgidos del Partido Morena.<\/p>\n\n\n\n<p>Pese a los gritos de inconformidad de los vendedores ambulantes, personal municipal ley\u00f3 el argumento oficial para iniciar el retiro.<\/p>\n\n\n\n<p>\u2014\u00a1Somos comerciales, somos desplazados! Mejor que venga el gobernador a platicar con nosotros, que venga Salom\u00f3n Jara, el pueblo estuvo con \u00e9l \u2014grit\u00f3 una de las afectadas.<\/p>\n\n\n\n<p>\u2014Les pedimos por favor se retiren, de lo contrario les vamos a decomisar la mercanc\u00eda \u2014les dijo la directora de Comercio en V\u00eda P\u00fablica del ayuntamiento, Bibiana Garc\u00eda.<\/p>\n\n\n\n<p>\u201cEn ejercicio de las atribuciones que me confiere el Bando de Polic\u00eda del municipio de Oaxaca de Ju\u00e1rez y en cumplimiento al Punto de Acuerdo aprobado por el ayuntamiento en sesi\u00f3n ordinaria del 20 de enero de 2022 y el acuerdo n\u00famero 381 de fecha 10 de agosto de 2022 de la 65 Legislatura, relativo al exhorto que realiza al Congreso al presidente municipal, para implementar un programa de revisi\u00f3n de documentos de comercio en v\u00eda p\u00fablica.<\/p>\n\n\n\n<p>\u201cEn virtud de no contar con permiso expedido por la autoridad municipal para ejercer actos de comercio y adem\u00e1s estar en zonas prohibidas, seg\u00fan lo establece la normatividad en la materia, se solicita el retiro voluntario de su mercanc\u00eda e implementos, apercibido de que en caso de no hacerlo en forma inmediata se proceder\u00e1 a su retiro y aseguramiento\u201d.<\/p>\n\n\n\n<p>\u2014\u00a1Alerta, alerta, alerta! \u00a1Alerta que camina, los desplazados por Am\u00e9rica Latina!.<\/p>\n\n\n\n<p>Pese a ello inici\u00f3 el desalojo y trabajadores municipales comenzaron a vaciar los puestos y arrojar al piso la ropa que expend\u00edan.<\/p>\n\n\n\n<figure class=\"wp-block-embed is-type-rich is-provider-twitter wp-block-embed-twitter\"><div class=\"wp-block-embed__wrapper\">\n<div class=\"twitter-tweet\"><blockquote class=\"twitter-tweet\" data-lang=\"es\"><p lang=\"es\" dir=\"ltr\">La madrugada de este viernes, personal del <a href=\"https:\/\/twitter.com\/MunicipioOaxaca?ref_src=twsrc%5Etfw\">@MunicipioOaxaca<\/a> y del Gobierno del Estado desaloj\u00f3 a vendedores de la etnia Triqui, que desde hace m\u00e1s de 12 a\u00f1os se hab\u00edan posesionado del corredor del Palacio de Gobierno con puestos ambulantes; no fue necesaria la fuerza p\u00fablica. <a href=\"https:\/\/t.co\/eYP2jZCCE1\">pic.twitter.com\/eYP2jZCCE1<\/a><\/p>&mdash; Zona Roja Oaxaca (@ZonaRoja_Oaxaca) <a href=\"https:\/\/twitter.com\/ZonaRoja_Oaxaca\/status\/1598660507904675840?ref_src=twsrc%5Etfw\">2 de diciembre de 2022<\/a><\/blockquote><\/div>\n<\/div><\/figure>\n\n\n\n<p>VERSI\u00d3N OFICIAL<\/p>\n\n\n\n<p>Por su parte, el Gobierno del Estado inform\u00f3 a trav\u00e9s de un comunicado:<\/p>\n\n\n\n<p>\u201cDe manera conjunta, el Ayuntamiento de Oaxaca de Ju\u00e1rez y el Gobierno del Estado de Oaxaca, realizaron este viernes acciones de verificaci\u00f3n del comercio informal en la v\u00eda p\u00fablica, con la finalidad de recuperar despu\u00e9s de 12 a\u00f1os el Z\u00f3calo Capitalino y los Portales del Palacio de Gobierno, y con ello garantizar el derecho al libre tr\u00e1nsito de todas la personas.&nbsp;<\/p>\n\n\n\n<p>\u201cEsta acci\u00f3n se llev\u00f3 a cabo despu\u00e9s de haber agotado las instancias de di\u00e1logo, en las que se invit\u00f3 al comercio irregular a retirarse de este espacio p\u00fablico, ofreci\u00e9ndoles alternativas de reubicaci\u00f3n para la comercializaci\u00f3n de sus productos, adem\u00e1s de atender y canalizar de manera efectiva las exigencias que originaron su llegada a este espacio y su permanencia.<\/p>\n\n\n\n<p>\u201cEs importante resaltar que los cuerpos de seguridad p\u00fablica que intervinieron no portaba ning\u00fan tipo de armas, de lo cual se dio fe p\u00fablica.<\/p>\n\n\n\n<p>\u201cEn la estrategia de recuperaci\u00f3n intervinieron los tres niveles de gobierno, municipal, estatal y federal en coordinaci\u00f3n de los \u00f3rganos aut\u00f3nomos como lo son la Fiscal\u00eda General del Estado, la Defensor\u00eda de los Derechos Humanos del Pueblo de Oaxaca y el Sistema Estatal DIF, destacando que en todo momento se privilegi\u00f3 el di\u00e1logo, se garantiz\u00f3 el respeto de los derechos humanos y salvaguard\u00f3 la integridad de las personas que ocupaban el espacio p\u00fablico, cumpli\u00e9ndose los protocolos para la protecci\u00f3n en especial de la ni\u00f1ez, mujeres y adultos mayores. &nbsp;<\/p>\n\n\n\n<p>\u201cEsta acci\u00f3n responde a una postura clara: los espacios p\u00fablicos son de todas y todos, especialmente el Z\u00f3calo, &nbsp;que representa un escenario de encuentro familiar, cultural, social, pol\u00edtico y de libre manifestaci\u00f3n consagrado en nuestra Constituci\u00f3n.<\/p>\n\n\n\n<p>\u201cReiteramos al Pueblo de Oaxaca que nuestra voluntad ser\u00e1 siempre la de trabajar en un marco de respeto a los derechos humanos, que privilegie la comunicaci\u00f3n.&nbsp;<\/p>\n\n\n\n<p>\u201cInvitamos a todo el pueblo de Oaxaca a celebrar la recuperaci\u00f3n de los espacios p\u00fablicos\u201d.<\/p>\n","protected":false},"excerpt":{"rendered":"<p>Ismael Garc\u00eda M.\/Zona Roja. Oaxaca de Ju\u00e1rez, Oax., a 2 de diciembre de 2022.- Luego&hellip;<\/p>\n","protected":false},"author":2,"featured_media":48771,"comment_status":"closed","ping_status":"open","sticky":false,"template":"","format":"standard","meta":{"_lmt_disableupdate":"","_lmt_disable":"","_jetpack_memberships_contains_paid_content":false,"footnotes":""},"categories":[109,47],"tags":[],"class_list":["post-48769","post","type-post","status-publish","format-standard","has-post-thumbnail","hentry","category-minuto-a-minuto","category-zona-gris"],"jetpack_featured_media_url":"https:\/\/zonaroja.com.mx\/wp-content\/uploads\/2022\/12\/Desalojo-triquis-Copala.jpg","jetpack_sharing_enabled":true,"_links":{"self":[{"href":"https:\/\/zonaroja.com.mx\/index.php?rest_route=\/wp\/v2\/posts\/48769","targetHints":{"allow":["GET"]}}],"collection":[{"href":"https:\/\/zonaroja.com.mx\/index.php?rest_route=\/wp\/v2\/posts"}],"about":[{"href":"https:\/\/zonaroja.com.mx\/index.php?rest_route=\/wp\/v2\/types\/post"}],"author":[{"embeddable":true,"href":"https:\/\/zonaroja.com.mx\/index.php?rest_route=\/wp\/v2\/users\/2"}],"replies":[{"embeddable":true,"href":"https:\/\/zonaroja.com.mx\/index.php?rest_route=%2Fwp%2Fv2%2Fcomments&post=48769"}],"version-history":[{"count":2,"href":"https:\/\/zonaroja.com.mx\/index.php?rest_route=\/wp\/v2\/posts\/48769\/revisions"}],"predecessor-version":[{"id":48774,"href":"https:\/\/zonaroja.com.mx\/index.php?rest_route=\/wp\/v2\/posts\/48769\/revisions\/48774"}],"wp:featuredmedia":[{"embeddable":true,"href":"https:\/\/zonaroja.com.mx\/index.php?rest_route=\/wp\/v2\/media\/48771"}],"wp:attachment":[{"href":"https:\/\/zonaroja.com.mx\/index.php?rest_route=%2Fwp%2Fv2%2Fmedia&parent=48769"}],"wp:term":[{"taxonomy":"category","embeddable":true,"href":"https:\/\/zonaroja.com.mx\/index.php?rest_route=%2Fwp%2Fv2%2Fcategories&post=48769"},{"taxonomy":"post_tag","embeddable":true,"href":"https:\/\/zonaroja.com.mx\/index.php?rest_route=%2Fwp%2Fv2%2Ftags&post=48769"}],"curies":[{"name":"wp","href":"https:\/\/api.w.org\/{rel}","templated":true}]}}