{"id":48775,"date":"2022-12-02T07:29:50","date_gmt":"2022-12-02T13:29:50","guid":{"rendered":"http:\/\/www.zonaroja.com.mx\/?p=48775"},"modified":"2022-12-02T07:29:51","modified_gmt":"2022-12-02T13:29:51","slug":"identifican-a-los-tres-fallecidos-de-volcadura-de-autobus-eran-de-loma-bonita","status":"publish","type":"post","link":"https:\/\/zonaroja.com.mx\/?p=48775","title":{"rendered":"Identifican a los tres fallecidos de volcadura de autob\u00fas; eran de Loma Bonita"},"content":{"rendered":"\n<p>Ismael Garc\u00eda M.\/Zona Roja.<\/p>\n\n\n\n<p>Oaxaca de Ju\u00e1rez, Oax., a 2 de diciembre de 2022.- Como originarios del municipio de Loma Bonita fueron identificadas las v\u00edctimas del accidente de un autob\u00fas que volc\u00f3 anoche en la carretera federal 175 Oaxaca-Tuxtepec, en jurisdicci\u00f3n de Ixtl\u00e1n de Ju\u00e1rez.<\/p>\n\n\n\n<p>Las tres v\u00edctimas fatales fueron identificadas como Mar\u00eda del Carmen Hern\u00e1ndez, de la colonia Mixt\u00e1n; Mart\u00edn Aurelio Matadamas Lavariega, de la colonia M\u00e9xico, y Ceferino Ortiz Santiago, de Arroyo Metate; adem\u00e1s, hay 36 lesionados trasladados a diversos hospitales.<\/p>\n\n\n\n<p>El percance del autob\u00fas de la l\u00ednea \u201cGonz\u00e1lez Tour\u201d, con n\u00famero econ\u00f3mico 700 y placas de circulaci\u00f3n 216-RM-5, ocurri\u00f3 en la carretera federal Oaxaca-Tuxtepec, en una curva a la altura de la localidad San Miguel del R\u00edo, del kil\u00f3metro 176, cerca de Ixtl\u00e1n de Ju\u00e1rez.<\/p>\n\n\n\n<p>Los alrededor de 40 ocupantes hab\u00edan venido ayer a los festejos por la toma de posesi\u00f3n de Salom\u00f3n Jara Cruz como Gobernador del Estado.<\/p>\n\n\n\n<p>A trav\u00e9s de un comunicado, la administraci\u00f3n estatal inform\u00f3:<\/p>\n\n\n\n<p>\u201cEl Gobernador del Estado de Oaxaca, Salom\u00f3n Jara Cruz, lament\u00f3 el accidente ocurrido la noche de este jueves en la carretera federal 175 Oaxaca-Tuxtepec, en el que desafortunadamente tres personas perdieron la vida y 36 m\u00e1s resultaron lesionadas.<\/p>\n\n\n\n<p>\u201cDesde el primer momento en que fue informado del percance, el titular del Poder Ejecutivo gir\u00f3 instrucciones para brindar atenci\u00f3n inmediata y apoyo a las v\u00edctimas y a sus familias.<\/p>\n\n\n\n<p>\u201cDe acuerdo al reporte oficial fueron dos hombres y una mujer los que perdieron la vida, a cuyas familias se les brindar\u00e1 el acompa\u00f1amiento necesario.&nbsp;<\/p>\n\n\n\n<p>\u201cEn tanto el saldo de las personas lesionadas fue de 36, doce de las cuales fueron trasladadas al Hospital General \u2018Aurelio Valdivieso\u2019 de la ciudad de Oaxaca de Ju\u00e1rez, el resto recibi\u00f3 atenci\u00f3n m\u00e9dica en centros de salud y hospitales de la Sierra Norte.<\/p>\n","protected":false},"excerpt":{"rendered":"<p>Ismael Garc\u00eda M.\/Zona Roja. Oaxaca de Ju\u00e1rez, Oax., a 2 de diciembre de 2022.- Como&hellip;<\/p>\n","protected":false},"author":2,"featured_media":48770,"comment_status":"closed","ping_status":"open","sticky":false,"template":"","format":"standard","meta":{"_lmt_disableupdate":"","_lmt_disable":"","_jetpack_memberships_contains_paid_content":false,"footnotes":""},"categories":[109,51],"tags":[],"class_list":["post-48775","post","type-post","status-publish","format-standard","has-post-thumbnail","hentry","category-minuto-a-minuto","category-zona-roja"],"jetpack_featured_media_url":"https:\/\/zonaroja.com.mx\/wp-content\/uploads\/2022\/12\/Accidente-autobus-Ixtlan.jpg","jetpack_sharing_enabled":true,"_links":{"self":[{"href":"https:\/\/zonaroja.com.mx\/index.php?rest_route=\/wp\/v2\/posts\/48775","targetHints":{"allow":["GET"]}}],"collection":[{"href":"https:\/\/zonaroja.com.mx\/index.php?rest_route=\/wp\/v2\/posts"}],"about":[{"href":"https:\/\/zonaroja.com.mx\/index.php?rest_route=\/wp\/v2\/types\/post"}],"author":[{"embeddable":true,"href":"https:\/\/zonaroja.com.mx\/index.php?rest_route=\/wp\/v2\/users\/2"}],"replies":[{"embeddable":true,"href":"https:\/\/zonaroja.com.mx\/index.php?rest_route=%2Fwp%2Fv2%2Fcomments&post=48775"}],"version-history":[{"count":1,"href":"https:\/\/zonaroja.com.mx\/index.php?rest_route=\/wp\/v2\/posts\/48775\/revisions"}],"predecessor-version":[{"id":48776,"href":"https:\/\/zonaroja.com.mx\/index.php?rest_route=\/wp\/v2\/posts\/48775\/revisions\/48776"}],"wp:featuredmedia":[{"embeddable":true,"href":"https:\/\/zonaroja.com.mx\/index.php?rest_route=\/wp\/v2\/media\/48770"}],"wp:attachment":[{"href":"https:\/\/zonaroja.com.mx\/index.php?rest_route=%2Fwp%2Fv2%2Fmedia&parent=48775"}],"wp:term":[{"taxonomy":"category","embeddable":true,"href":"https:\/\/zonaroja.com.mx\/index.php?rest_route=%2Fwp%2Fv2%2Fcategories&post=48775"},{"taxonomy":"post_tag","embeddable":true,"href":"https:\/\/zonaroja.com.mx\/index.php?rest_route=%2Fwp%2Fv2%2Ftags&post=48775"}],"curies":[{"name":"wp","href":"https:\/\/api.w.org\/{rel}","templated":true}]}}