{"id":48782,"date":"2022-12-02T08:52:28","date_gmt":"2022-12-02T14:52:28","guid":{"rendered":"http:\/\/www.zonaroja.com.mx\/?p=48782"},"modified":"2022-12-02T08:52:30","modified_gmt":"2022-12-02T14:52:30","slug":"garantizar-pleno-acceso-a-justicia-personas-con-discapacidad-prioridad-en-el-pjeo","status":"publish","type":"post","link":"https:\/\/zonaroja.com.mx\/?p=48782","title":{"rendered":"Garantizar pleno acceso a justicia personas con discapacidad, prioridad en el PJEO"},"content":{"rendered":"\n<p>Redacci\u00f3n\/Zona Roja.<\/p>\n\n\n\n<p>Oaxaca de Ju\u00e1rez, Oax., a 2 de diciembre de 2022.- Aun&nbsp;cuando M\u00e9xico ha sido pionero en la creaci\u00f3n y ratificaci\u00f3n de instrumentos sobre derechos de las personas con discapacidad, quienes viven con esta condici\u00f3n enfrentan&nbsp;m\u00faltiples&nbsp;dificultades para ejercer sus derechos, incluido el acceso a la justicia; por ello,&nbsp;el Poder Judicial del Estado&nbsp;ha puesto especial \u00e9nfasis en&nbsp;la sensibilizaci\u00f3n&nbsp;del personal y&nbsp;fomentar, respetar, proteger y garantizar la no discriminaci\u00f3n de todas las personas.<\/p>\n\n\n\n<p>En entrevista, la magistrada Berenice Ram\u00edrez Jim\u00e9nez, integrante de la&nbsp;Sala Constitucional y Cuarta Sala Penal&nbsp;del Tribunal Superior de Justicia del Estado, indic\u00f3 que en la funci\u00f3n jurisdiccional&nbsp;se toman criterios y&nbsp;las medidas necesarias para&nbsp;otorgar una justicia&nbsp;incluyente y&nbsp;en igualdad de&nbsp;condiciones que&nbsp;el resto de la poblaci\u00f3n, debiendo para ello priorizar derechos como&nbsp;el acceso a la informaci\u00f3n, a la no discriminaci\u00f3n, a ser escuchado y&nbsp;a tener movilidad.&nbsp;<\/p>\n\n\n\n<p>\u201cNos ha faltado la sensibilidad necesaria y un acercamiento para conocer&nbsp;los&nbsp;asuntos en los&nbsp;que est\u00e1 involucrada una persona&nbsp;con discapacidad, quienes necesitan ayuda y protecci\u00f3n. Es necesario que toda la sociedad, desde su funci\u00f3n, pongan su granito de arena para cambiar el trato y la manera de respetar sus derechos\u201d, puntualiz\u00f3.&nbsp;&nbsp;<\/p>\n\n\n\n<p>Explic\u00f3&nbsp;que&nbsp;la Sala Constitucional y Cuarta Sala Penal del Tribunal Superior de Justicia del Estado&nbsp;ha tenido asuntos&nbsp;principalmente&nbsp;de personas con discapacidad intelectual;&nbsp;por lo cual ha recurrido a la&nbsp;Sentencia de Lectura f\u00e1cil,&nbsp;formato en el cual se&nbsp;han emitido&nbsp;aproximadamente 16&nbsp;resoluciones&nbsp;en este a\u00f1o, como&nbsp;una forma&nbsp;para&nbsp;que&nbsp;llegue de manera m\u00e1s c\u00e1lida &nbsp;y humana a&nbsp;ni\u00f1as, ni\u00f1os y adolescentes,&nbsp;as\u00ed como a quienes presentan alguna limitaci\u00f3n f\u00edsica o mental.<\/p>\n\n\n\n<p>El&nbsp;3 de diciembre se conmemora el&nbsp;D\u00eda Internacional de las Personas con Discapacidad, que tiene como objetivo promover los derechos y el bienestar de&nbsp;este sector&nbsp;en todos los \u00e1mbitos&nbsp;de la sociedad y el desarrollo,,&nbsp;tema en el cual el Poder Judicial del Estado suma esfuerzos y aporta&nbsp;para la construcci\u00f3n de una sociedad inclusiva y respetuosa de los derechos&nbsp;humanos.<\/p>\n","protected":false},"excerpt":{"rendered":"<p>Redacci\u00f3n\/Zona Roja. Oaxaca de Ju\u00e1rez, Oax., a 2 de diciembre de 2022.- Aun&nbsp;cuando M\u00e9xico ha&hellip;<\/p>\n","protected":false},"author":2,"featured_media":30110,"comment_status":"closed","ping_status":"open","sticky":false,"template":"","format":"standard","meta":{"_lmt_disableupdate":"","_lmt_disable":"","_jetpack_memberships_contains_paid_content":false,"footnotes":""},"categories":[109,46],"tags":[223],"class_list":["post-48782","post","type-post","status-publish","format-standard","has-post-thumbnail","hentry","category-minuto-a-minuto","category-zona-blanca","tag-poder-judicial-de-oaxaca"],"jetpack_featured_media_url":"https:\/\/zonaroja.com.mx\/wp-content\/uploads\/2021\/07\/Discapacidad-silla-de-ruedas.jpg","jetpack_sharing_enabled":true,"_links":{"self":[{"href":"https:\/\/zonaroja.com.mx\/index.php?rest_route=\/wp\/v2\/posts\/48782","targetHints":{"allow":["GET"]}}],"collection":[{"href":"https:\/\/zonaroja.com.mx\/index.php?rest_route=\/wp\/v2\/posts"}],"about":[{"href":"https:\/\/zonaroja.com.mx\/index.php?rest_route=\/wp\/v2\/types\/post"}],"author":[{"embeddable":true,"href":"https:\/\/zonaroja.com.mx\/index.php?rest_route=\/wp\/v2\/users\/2"}],"replies":[{"embeddable":true,"href":"https:\/\/zonaroja.com.mx\/index.php?rest_route=%2Fwp%2Fv2%2Fcomments&post=48782"}],"version-history":[{"count":1,"href":"https:\/\/zonaroja.com.mx\/index.php?rest_route=\/wp\/v2\/posts\/48782\/revisions"}],"predecessor-version":[{"id":48783,"href":"https:\/\/zonaroja.com.mx\/index.php?rest_route=\/wp\/v2\/posts\/48782\/revisions\/48783"}],"wp:featuredmedia":[{"embeddable":true,"href":"https:\/\/zonaroja.com.mx\/index.php?rest_route=\/wp\/v2\/media\/30110"}],"wp:attachment":[{"href":"https:\/\/zonaroja.com.mx\/index.php?rest_route=%2Fwp%2Fv2%2Fmedia&parent=48782"}],"wp:term":[{"taxonomy":"category","embeddable":true,"href":"https:\/\/zonaroja.com.mx\/index.php?rest_route=%2Fwp%2Fv2%2Fcategories&post=48782"},{"taxonomy":"post_tag","embeddable":true,"href":"https:\/\/zonaroja.com.mx\/index.php?rest_route=%2Fwp%2Fv2%2Ftags&post=48782"}],"curies":[{"name":"wp","href":"https:\/\/api.w.org\/{rel}","templated":true}]}}