{"id":48791,"date":"2022-12-02T15:51:30","date_gmt":"2022-12-02T21:51:30","guid":{"rendered":"http:\/\/www.zonaroja.com.mx\/?p=48791"},"modified":"2022-12-02T15:51:31","modified_gmt":"2022-12-02T21:51:31","slug":"tension-en-caso-de-claudia-uruchurtu-familias-de-las-involucradas-sostienen-discrepancia","status":"publish","type":"post","link":"https:\/\/zonaroja.com.mx\/?p=48791","title":{"rendered":"Tensi\u00f3n en caso de Claudia Uruchurtu; familias de las involucradas sostienen discrepancia"},"content":{"rendered":"\n<p>Yuridiana Sosa\/Zona Roja.<\/p>\n\n\n\n<p>Oaxaca de Ju\u00e1rez, Oax., 2 de diciembre de 2022.- Con pancartas y declaraciones, por primera vez durante el proceso, cada una de las familias \u2014de Claudia Uruchurtu, v\u00edctima de desaparici\u00f3n forzada, y de la ex edil de Asunci\u00f3n Nochixtl\u00e1n, Lizbeth V.H., detenida por este delito\u2014 alzaron la voz frente a la prensa para defender su derecho de justicia, sin preferencias ni presiones.<\/p>\n\n\n\n<p>Los familiares de ambas partes se encontraron al exterior del juzgado del Tribunal Superior de Justicia de Oaxaca, en la colonia Reforma de la capital, donde se realizar\u00eda la audiencia para dictar sentencia en el caso.<\/p>\n\n\n\n<p>Ante los medios informativos presentes, la familia Victoria Huerta pele\u00f3 por la atenci\u00f3n de quienes que daban voz a familiares de Claudia, desaparecida el 26 de marzo de 2021, luego de participar en una manifestaci\u00f3n contra la edil de Nochixtl\u00e1n y revelar presuntos desv\u00edos de recursos.<\/p>\n\n\n\n<p>Primero, una cartulina a favor de la justicia para Claudia Uruchurtu fue colocada en la fachada del Juzgado Especializado en Materia de Justicia para Adolescentes.&nbsp; Acto que llam\u00f3 la atenci\u00f3n de los asistentes.<\/p>\n\n\n\n<p>La audiencia se suspendi\u00f3 por segunda vez en tres d\u00edas de la semana \u2013 29 de noviembre y 1 de diciembre\u2014, bajo el argumento de no existir condiciones para el traslado de los implicados internados en el Centro de Readaptaci\u00f3n Social de Tanivet, en Tlacolula de Matamoros, en Valles Centrales, a la capital, pues en esta fecha la Secretar\u00eda de Seguridad P\u00fablica de Oaxaca no dispon\u00eda de elementos para la custodia, adem\u00e1s que se instal\u00f3 un bloqueo en la carretera federal 190, que imped\u00eda la conexi\u00f3n entre ambos municipios.<\/p>\n\n\n\n<p>As\u00ed lo dio a conocer la familia y abogados de Claudia Uruchurtu en breve conferencia de prensa a la salida del juzgado.<\/p>\n\n\n\n<p>Pero, mientras agradec\u00edan a la ciudadan\u00eda la atenci\u00f3n en el caso, la familia de Lizbeth V.H. aprovech\u00f3 el momento para colocarse detr\u00e1s de familiares de Claudia y exigir justicia para la ex edil de Morena con pancartas, aparentemente <\/p>\n\n\n\n<p><div class=\"twitter-tweet\"><blockquote class=\"twitter-tweet\" data-lang=\"es\"><p lang=\"es\" dir=\"ltr\">Durante la audiencia por el caso de Claudia Uruchurtu, familiares de la ex presidente de Nochixtl\u00e1n, Lizbeth V. H., exigieron justicia para ella, presa desde hace un a\u00f1o siete meses; acusaron que no hay pruebas para inculparla por la desaparici\u00f3n forzada. <a href=\"https:\/\/t.co\/ehAjKW1fsi\">pic.twitter.com\/ehAjKW1fsi<\/a><\/p>&mdash; Zona Roja Oaxaca (@ZonaRoja_Oaxaca) <a href=\"https:\/\/twitter.com\/ZonaRoja_Oaxaca\/status\/1598507063801700352?ref_src=twsrc%5Etfw\">2 de diciembre de 2022<\/a><\/blockquote><\/div><\/p>\n\n\n\n<p>RECLAMAN ATENCI\u00d3N<\/p>\n\n\n\n<p>En su exigencia de justicia, familiares de Lizbeth V.H. reclamaron a la periodista y activista Soledad Jarqu\u00edn Edgar su informaci\u00f3n acerca de la familia de Claudia Uruchurtu.<\/p>\n\n\n\n<p>\u201cEst\u00e1 usted aqu\u00ed porque apoya una causa\u201d, apuntaron los familiares de la presunta autora intelectual del delito, quienes a su vez se atrevieron a comparar las tragedias de ambas familias.<\/p>\n\n\n\n<p>\u201cUsted perdi\u00f3 una hija y nosotros tenemos una hermana en prisi\u00f3n desde hace un a\u00f1o y siete meses, es el mismo dolor, es el mismo dolor\u201d, dijeron sin reparo.<\/p>\n\n\n\n<p>La periodista y activista, recomend\u00f3 a la familia leer con atenci\u00f3n la Carpeta de Investigaci\u00f3n del caso de su hermana.<\/p>\n\n\n\n<p>Una vez con los medios sobre su atenci\u00f3n, la familia Victoria Huerta, manifest\u00f3: \u201cBasta de presi\u00f3n pol\u00edtica, justicia para Lizbeth Huerta\u201d.<\/p>\n\n\n\n<p>Una de las hermanas de la imputada dijo que lo \u00fanico que piden es justicia real y sin presiones, pues no existen pruebas para mantener a la ex edil detenida.<\/p>\n\n\n\n<p>Apunt\u00f3 que la declaraci\u00f3n de otro de los detenidos, en la que involucra a Lizbeth, es falsa y a base de supuestas presiones y amenazas por parte de la Fiscal\u00eda General de Oaxaca, de lo contrario la familia del ex empleado de la edil corr\u00eda riesgos. \u201cLegamente no hay nada\u201d, sostuvo la familia Victoria Huerta.<\/p>\n","protected":false},"excerpt":{"rendered":"<p>Yuridiana Sosa\/Zona Roja. Oaxaca de Ju\u00e1rez, Oax., 2 de diciembre de 2022.- Con pancartas y&hellip;<\/p>\n","protected":false},"author":2,"featured_media":48792,"comment_status":"closed","ping_status":"open","sticky":false,"template":"","format":"standard","meta":{"_lmt_disableupdate":"","_lmt_disable":"","_jetpack_memberships_contains_paid_content":false,"footnotes":""},"categories":[109,47],"tags":[2582],"class_list":["post-48791","post","type-post","status-publish","format-standard","has-post-thumbnail","hentry","category-minuto-a-minuto","category-zona-gris","tag-claudia-uruchurtu-cruz"],"jetpack_featured_media_url":"https:\/\/zonaroja.com.mx\/wp-content\/uploads\/2022\/12\/Protesta-familiarez-Lizbeth-Victoria-Nochixtlan.jpg","jetpack_sharing_enabled":true,"_links":{"self":[{"href":"https:\/\/zonaroja.com.mx\/index.php?rest_route=\/wp\/v2\/posts\/48791","targetHints":{"allow":["GET"]}}],"collection":[{"href":"https:\/\/zonaroja.com.mx\/index.php?rest_route=\/wp\/v2\/posts"}],"about":[{"href":"https:\/\/zonaroja.com.mx\/index.php?rest_route=\/wp\/v2\/types\/post"}],"author":[{"embeddable":true,"href":"https:\/\/zonaroja.com.mx\/index.php?rest_route=\/wp\/v2\/users\/2"}],"replies":[{"embeddable":true,"href":"https:\/\/zonaroja.com.mx\/index.php?rest_route=%2Fwp%2Fv2%2Fcomments&post=48791"}],"version-history":[{"count":1,"href":"https:\/\/zonaroja.com.mx\/index.php?rest_route=\/wp\/v2\/posts\/48791\/revisions"}],"predecessor-version":[{"id":48793,"href":"https:\/\/zonaroja.com.mx\/index.php?rest_route=\/wp\/v2\/posts\/48791\/revisions\/48793"}],"wp:featuredmedia":[{"embeddable":true,"href":"https:\/\/zonaroja.com.mx\/index.php?rest_route=\/wp\/v2\/media\/48792"}],"wp:attachment":[{"href":"https:\/\/zonaroja.com.mx\/index.php?rest_route=%2Fwp%2Fv2%2Fmedia&parent=48791"}],"wp:term":[{"taxonomy":"category","embeddable":true,"href":"https:\/\/zonaroja.com.mx\/index.php?rest_route=%2Fwp%2Fv2%2Fcategories&post=48791"},{"taxonomy":"post_tag","embeddable":true,"href":"https:\/\/zonaroja.com.mx\/index.php?rest_route=%2Fwp%2Fv2%2Ftags&post=48791"}],"curies":[{"name":"wp","href":"https:\/\/api.w.org\/{rel}","templated":true}]}}