{"id":48794,"date":"2022-12-02T16:11:28","date_gmt":"2022-12-02T22:11:28","guid":{"rendered":"http:\/\/www.zonaroja.com.mx\/?p=48794"},"modified":"2022-12-02T16:11:29","modified_gmt":"2022-12-02T22:11:29","slug":"de-la-primavera-oaxaquena-a-la-invernal-realidad-de-oaxaca","status":"publish","type":"post","link":"https:\/\/zonaroja.com.mx\/?p=48794","title":{"rendered":"De la \u201cPrimavera oaxaque\u00f1a\u201d a la invernal realidad de Oaxaca"},"content":{"rendered":"\n<p>Yuridiana Sosa\/Zona Roja.<\/p>\n\n\n\n<p>Oaxaca de Ju\u00e1rez, Oax., 2 de diciembre. &#8211; Los infortunios durante las primeras horas del gobierno morenista de Salom\u00f3n Jara Cruz en Oaxaca ya no son posibles contarlos con una sola mano.<\/p>\n\n\n\n<p>La fiesta por la llegada de la autodenominada \u201cPrimavera oaxaque\u00f1a\u201d trajo desgracia, dej\u00f3 desatenci\u00f3n y manifestaciones de inconformidad.<\/p>\n\n\n\n<p>Fuera del domo festivo, de la burbuja de halagos y felicitaciones digitales, Oaxaca se manten\u00eda viva en sus inconformidades; la frialdad de la desatenci\u00f3n permaneci\u00f3 en diferentes \u00e1mbitos.<\/p>\n\n\n\n<p>El fest\u00edn dur\u00f3 poco. La tr\u00e1gica muerte de tres personas que bajo el m\u00e9todo de acarreo acudieron en \u201capoyo\u201d a Jara Cruz al inicio de su administraci\u00f3n, cerr\u00f3 el d\u00eda uno de la \u201cprimavera oaxaque\u00f1a\u201d, arrastrando otros dos ejecutados y al menos cuatro protestas en la entidad. Todo en menos de 24 horas.<\/p>\n\n\n\n<p>Los hechos son como una met\u00e1fora de la canci\u00f3n de la Orquesta Gayac\u00e1n: \u201c\u00bfQu\u00e9 te pasa? Dime qui\u00e9n te hizo mal, dime qui\u00e9n marchit\u00f3 tu alegr\u00eda, como invierno en primavera has quedado, ya lo ves fue llover sobre mojado\u201d.<\/p>\n\n\n\n<p>Pues, \u00bfQu\u00e9 pasa?, es la pregunta colectiva al gobierno entrante, a la Secretar\u00eda de Gobierno que encabeza Jes\u00fas Romero L\u00f3pez sobre un bloqueo de m\u00e1s de 24 horas en la carretera federal 190, en jurisdicci\u00f3n de Santa Mar\u00eda El Tule y colapsa una de las v\u00edas m\u00e1s importantes de conexi\u00f3n entre los Valles Centrales y el Istmo.<\/p>\n\n\n\n<p>FIESTA Y LUTO<\/p>\n\n\n\n<p>El acarreo, de todas regiones del estado, fue innegable. Cientos de camiones arribaron repletos de personas para acompa\u00f1ar al nuevo gobernador de Oaxaca, Salom\u00f3n Jara, en su primer d\u00eda de gobierno.&nbsp; Como en los viejos tiempos del PRI, los que prometen dejar atr\u00e1s.<\/p>\n\n\n\n<p>Tras las celebraciones la desgracia lleg\u00f3. Tres ciudadanos fallecieron en la volcadura de la unidad que los trasladaba de la capital, a la regi\u00f3n de la Cuenca, por la Sierra Norte, y 36 m\u00e1s resultaron lesionados, algunos de gravedad.<\/p>\n\n\n\n<p>A la fiesta de la \u201cPrimavera oaxaque\u00f1a\u201d asistieron pol\u00edticos de varios estados, entre ellos el gobernador de Veracruz, Cuitl\u00e1huac Garc\u00eda; la senadora y ex precandidata a la gubernatura de Oaxaca, Susana Harp; el diputado federal Gerardo&nbsp;Fern\u00e1ndez Noro\u00f1a, del (PT); y la jefa de de la Ciudad de M\u00e9xico. Claudia Sheinbaum Pardo, quien por varios momentos fue protagonista.<\/p>\n\n\n\n<p>Los vivas comenzaron desde el Congreso del Estado, tras rendir protesta, donde la gran ausente fue la presidenta de la Mesa Directiva de la 65 Legislatura, Miriam de los \u00c1ngeles V\u00e1zquez Ru\u00edz, del Partido del Trabajo.<\/p>\n\n\n\n<p>Para que nadie se perdiera el \u201chist\u00f3rico\u201d momento, el gobierno entrante hasta mont\u00f3 escenarios y pantallas en el z\u00f3calo de la capital y el auditorio Guelaguetza, donde la fiesta continu\u00f3.<\/p>\n\n\n\n<p>Desde este recinto se mostr\u00f3 apoyo del gobierno estatal entrante a la precampa\u00f1a Sheinbaum Pardo, rumbo a la presidencia de M\u00e9xico.<\/p>\n\n\n\n<p>PROTESTAS<\/p>\n\n\n\n<p>Rechiflas y manifestaciones de rechazo recibi\u00f3 el mandatario de parte de la Secci\u00f3n 22 del SNTE cuando sali\u00f3 al balc\u00f3n de Palacio de Gobierno, donde tom\u00f3 protesta a los integrantes de su gabinete.<\/p>\n\n\n\n<p>\u201c\u00a1Salom\u00f3n entiende, el magisterio no se vende!\u201d, \u201c\u00a1Gobierne quien gobierne, los derechos se defienden!\u201d, se escuch\u00f3 con fuerza la respuesta al saludo del nuevo gobernador.<\/p>\n\n\n\n<p>Y aunque todo parec\u00eda fiesta, desde hac\u00eda varias horas, habitantes de agencias del municipio de Salina Cruz permanec\u00edan en bloqueo en la carretera 190 Oaxaca-Istmo, en inmediaciones de la planta de almacenamiento de Pemex, en jurisdicci\u00f3n de Santa Mar\u00eda El Tule, para exigir el pago de da\u00f1os por la contaminaci\u00f3n originada de la refiner\u00eda y que caus\u00f3 afectaciones al medio ambiente y a los pescadores; se instalaron al mediod\u00eda y contin\u00faan en la zona.<\/p>\n\n\n\n<p>Hasta el mediod\u00eda de este viernes, no hab\u00eda respuesta del nuevo gobierno.<\/p>\n\n\n\n<p>Mientras que, como lo hab\u00edan advertido, habitantes de agencias de San Mateo R\u00edo Hondo reanudaron sus protestas y bloqueos a la carretera federal 175 Oaxaca-Puerto \u00c1ngel, a la altura de San Jos\u00e9 del Pac\u00edfico para exigir la revocaci\u00f3n de mandato del edil \u00c1ngel Gerardo Ruiz Vel\u00e1squez, a quien acusan de corrupci\u00f3n.<\/p>\n\n\n\n<p>Para llamar la atenci\u00f3n quemaron dos unidades de motor, presuntamente un veh\u00edculo perteneciente a la polic\u00eda municipal.<\/p>\n\n\n\n<p>As\u00ed tambi\u00e9n recibieron al gobierno con protestas el Sindicato Federal Democr\u00e1tico de Salud, que continuaron con la \u201ctoma\u201d de las oficinas administrativas de los Servicios de Salud de Oaxaca, en la colonia Reforma, y el Sindicato \u00danico de Trabajadores Docentes del Estado de Oaxaca para exigir el pago de salarios atrasados y el cumplimiento de otras prestaciones.<\/p>\n\n\n\n<p>VIOLENCIA<\/p>\n\n\n\n<p>La ma\u00f1ana de este viernes se registr\u00f3 la ejecuci\u00f3n de una personas del sexo masculino en el municipio conurbado de Santa Luc\u00eda del Camino, adem\u00e1s de un probable feminicidio en la Sierra Sur. Con este se suman cuatro asesinatos consecutivos en el gobierno de Salom\u00f3n Jara Cruz.<\/p>\n\n\n\n<p>Ayer, en el primer d\u00eda de la administraci\u00f3n ocurrieron dos, el Istmo de Tehuantepec y la Costa.<\/p>\n\n\n\n<p>Se report\u00f3 la localizaci\u00f3n de un cuerpo sin vida, con disparos de arma de fuego, en la carretera Trans\u00edstmica La Ventosa-Mat\u00edas Romero, a la altura del crucero a El Mezquite, Asunci\u00f3n Ixtaltepec y por la noche, el segundo en el Barrio Nuevo de la cabecera municipal de Santa Mar\u00eda Huatulco.<\/p>\n\n\n\n<p>Pero el gobernador de Oaxaca opt\u00f3 por irse a Veracruz a un acto oficial con el mandatario mexicano\u2026 en lugar de iniciar de lleno la atenci\u00f3n con las m\u00faltiples problem\u00e1ticas heredadas.<\/p>\n","protected":false},"excerpt":{"rendered":"<p>Yuridiana Sosa\/Zona Roja. Oaxaca de Ju\u00e1rez, Oax., 2 de diciembre. &#8211; Los infortunios durante las&hellip;<\/p>\n","protected":false},"author":2,"featured_media":48795,"comment_status":"closed","ping_status":"open","sticky":false,"template":"","format":"standard","meta":{"_lmt_disableupdate":"","_lmt_disable":"","_jetpack_memberships_contains_paid_content":false,"footnotes":""},"categories":[109,47],"tags":[939],"class_list":["post-48794","post","type-post","status-publish","format-standard","has-post-thumbnail","hentry","category-minuto-a-minuto","category-zona-gris","tag-salomon-jara-cruz"],"jetpack_featured_media_url":"https:\/\/zonaroja.com.mx\/wp-content\/uploads\/2022\/12\/Salomon-jara-limpia-audititorio-Guelaguetz.jpeg","jetpack_sharing_enabled":true,"_links":{"self":[{"href":"https:\/\/zonaroja.com.mx\/index.php?rest_route=\/wp\/v2\/posts\/48794","targetHints":{"allow":["GET"]}}],"collection":[{"href":"https:\/\/zonaroja.com.mx\/index.php?rest_route=\/wp\/v2\/posts"}],"about":[{"href":"https:\/\/zonaroja.com.mx\/index.php?rest_route=\/wp\/v2\/types\/post"}],"author":[{"embeddable":true,"href":"https:\/\/zonaroja.com.mx\/index.php?rest_route=\/wp\/v2\/users\/2"}],"replies":[{"embeddable":true,"href":"https:\/\/zonaroja.com.mx\/index.php?rest_route=%2Fwp%2Fv2%2Fcomments&post=48794"}],"version-history":[{"count":1,"href":"https:\/\/zonaroja.com.mx\/index.php?rest_route=\/wp\/v2\/posts\/48794\/revisions"}],"predecessor-version":[{"id":48796,"href":"https:\/\/zonaroja.com.mx\/index.php?rest_route=\/wp\/v2\/posts\/48794\/revisions\/48796"}],"wp:featuredmedia":[{"embeddable":true,"href":"https:\/\/zonaroja.com.mx\/index.php?rest_route=\/wp\/v2\/media\/48795"}],"wp:attachment":[{"href":"https:\/\/zonaroja.com.mx\/index.php?rest_route=%2Fwp%2Fv2%2Fmedia&parent=48794"}],"wp:term":[{"taxonomy":"category","embeddable":true,"href":"https:\/\/zonaroja.com.mx\/index.php?rest_route=%2Fwp%2Fv2%2Fcategories&post=48794"},{"taxonomy":"post_tag","embeddable":true,"href":"https:\/\/zonaroja.com.mx\/index.php?rest_route=%2Fwp%2Fv2%2Ftags&post=48794"}],"curies":[{"name":"wp","href":"https:\/\/api.w.org\/{rel}","templated":true}]}}