{"id":48797,"date":"2022-12-02T16:13:37","date_gmt":"2022-12-02T22:13:37","guid":{"rendered":"http:\/\/www.zonaroja.com.mx\/?p=48797"},"modified":"2022-12-02T18:42:32","modified_gmt":"2022-12-03T00:42:32","slug":"pendiente-7","status":"publish","type":"post","link":"https:\/\/zonaroja.com.mx\/?p=48797","title":{"rendered":"Retienen a funcionario de la Segego por operativo contra triquis; acusan traici\u00f3n de Jara"},"content":{"rendered":"\n<p>Yuridiana Sosa\/Zona Roja.<\/p>\n\n\n\n<p>Oaxaca de Ju\u00e1rez, Oax., 2 de diciembre de 2022.- Un grupo de mujeres ind\u00edgenas de la etnia Triqui de Oaxaca retuvo por un momento al subsecretario de Concertaci\u00f3n Pol\u00edtica de la Secretar\u00eda de Gobierno, Edgar Gandarillas, por el desalojo a su campamento ubicado en el corredor y la lateral del Palacio de Gobierno.<\/p>\n\n\n\n<p>A dos d\u00edas del inicio de la administraci\u00f3n estatal a cargo de Salom\u00f3n Jara Cruz, de Morena, la Secretar\u00eda de Gobierno que dirige Jes\u00fas Romero L\u00f3pez se enfrent\u00f3 a su primer conflicto donde un funcionario es retenido por manifestantes.<\/p>\n\n\n\n<p>Apoyado por otros servidores p\u00fablicos y por elementos de la Polic\u00eda Estatal, Edgar Gandarillas logr\u00f3 liberarse del grupo de mujeres que lo manten\u00eda rodeado en el z\u00f3calo capitalino.<\/p>\n\n\n\n<p>El funcionario corri\u00f3 y fue refugiado por los uniformes para cruzar la valla met\u00e1lica que protege el corredor principal del palacio de gobierno.<\/p>\n\n\n\n<p>Durante el hecho, algunas mujeres ind\u00edgenas fueron jaloneadas por la polic\u00eda que proteg\u00eda al empleado del gobierno.<\/p>\n\n\n\n<p>\u201cAl rato ellos mismo nos van a matar\u201d, sentenci\u00f3 una de las mujeres ind\u00edgenas que defienden el lugar donde por 12 a\u00f1os han permanecido tras el desplazamiento forzado de su comunidad de origen.<\/p>\n\n\n\n<p>La recuperaci\u00f3n del corredor del Palacio, con el desalojo de los tambi\u00e9n vendedores informales, inici\u00f3 la madrugada de este viernes por parte del gobierno estatal y municipal de Oaxaca de Ju\u00e1rez.<\/p>\n\n\n\n<p>En camiones tipo volteo fueron arrojadas las pertenencias de los ocupantes; al tiempo que se destapaba un lugar insalubre, con fuertes olores a excremento y orina.<\/p>\n\n\n\n<figure class=\"wp-block-embed\"><div class=\"wp-block-embed__wrapper\">\n<div class=\"twitter-tweet\"><blockquote class=\"twitter-tweet\" data-lang=\"es\"><p lang=\"es\" dir=\"ltr\"><a href=\"https:\/\/twitter.com\/hashtag\/%C3%9AltimoMinuto?src=hash&amp;ref_src=twsrc%5Etfw\">#\u00daltimoMinuto<\/a><br>Por incapacidad e inexperiencia en la <a href=\"https:\/\/twitter.com\/SEGEGO_GobOax?ref_src=twsrc%5Etfw\">@SEGEGO_GobOax<\/a>, que encabeza <a href=\"https:\/\/twitter.com\/jesusromerooax?ref_src=twsrc%5Etfw\">@jesusromerooax<\/a>, esta tarde el subsecretario de Concertaci\u00f3n, \u00c9dgar Gandarillas, fue retenido por ind\u00edgenas triquis.<br>Tuvo que ser rescatado,correr y pasar bajo la valla para refugiarse en el Palacio. <a href=\"https:\/\/t.co\/nP9SsXHfv7\">pic.twitter.com\/nP9SsXHfv7<\/a><\/p>&mdash; Zona Roja Oaxaca (@ZonaRoja_Oaxaca) <a href=\"https:\/\/twitter.com\/ZonaRoja_Oaxaca\/status\/1598808992913973248?ref_src=twsrc%5Etfw\">2 de diciembre de 2022<\/a><\/blockquote><\/div>\n<\/div><\/figure>\n\n\n\n<p>Elementos del cuerpo de Bomberos realizaron tambi\u00e9n la limpieza del espacio, mismo que despu\u00e9s volver\u00eda a ser rodeado por vallas met\u00e1licas para evitar la reinstalaci\u00f3n del campamento. <\/p>\n\n\n\n<p>CONTRADICCIONES<\/p>\n\n\n\n<p>El titular de la Secretar\u00eda de Gobierno de Oaxaca, Jes\u00fas Romero, asegur\u00f3 que el desalojo de vendedores informales del z\u00f3calo se realiz\u00f3 por acuerdo y di\u00e1logo.<\/p>\n\n\n\n<p>En entrevista radiof\u00f3nica con el periodista Humberto Cruz dijo que implement\u00f3 un protocolo adecuado y desde ahora las plazas p\u00fablicas ser\u00e1n para todos los oaxaque\u00f1os y no para la vendimia, la cual se hab\u00eda convertido en un \u201cmodus vivendi\u201d.<\/p>\n\n\n\n<p>Por otra parte, Lorena Merino, representante de un grupo de mujeres ind\u00edgenas triquis, se\u00f1al\u00f3 que hubo violencia.<\/p>\n\n\n\n<p>\u201cMe trataron de ahorcar, me estaban asfixiando\u201d, apunt\u00f3 la mujer, quien m\u00e1s tarde, una vez limpi\u00f3 el espacio, logr\u00f3 reingresar a un \u00e1rea recuperada para instalar un plant\u00f3n.<br \/>\u201cAhora que lleg\u00f3 la cuarta transformaci\u00f3n, ayer est\u00e1bamos felices que gan\u00f3, porque ya iba haber cambio. <\/p>\n\n\n\n<p>Nosotras lo acompa\u00f1amos (a Salom\u00f3n Jara)\u201d , se\u00f1al\u00f3, motivo por el cual se encuestaban decepcionadas, enojadas y con exigieron que el nuevo mandatario les d\u00e9 la cara.<\/p>\n","protected":false},"excerpt":{"rendered":"<p>Yuridiana Sosa\/Zona Roja. Oaxaca de Ju\u00e1rez, Oax., 2 de diciembre de 2022.- Un grupo de&hellip;<\/p>\n","protected":false},"author":2,"featured_media":48798,"comment_status":"closed","ping_status":"open","sticky":false,"template":"","format":"standard","meta":{"_lmt_disableupdate":"","_lmt_disable":"","_jetpack_memberships_contains_paid_content":false,"footnotes":""},"categories":[1],"tags":[],"class_list":["post-48797","post","type-post","status-publish","format-standard","has-post-thumbnail","hentry","category-sin-categoria"],"jetpack_featured_media_url":"https:\/\/zonaroja.com.mx\/wp-content\/uploads\/2022\/12\/Triquis-agresivas-zocalo-.jpg","jetpack_sharing_enabled":true,"_links":{"self":[{"href":"https:\/\/zonaroja.com.mx\/index.php?rest_route=\/wp\/v2\/posts\/48797","targetHints":{"allow":["GET"]}}],"collection":[{"href":"https:\/\/zonaroja.com.mx\/index.php?rest_route=\/wp\/v2\/posts"}],"about":[{"href":"https:\/\/zonaroja.com.mx\/index.php?rest_route=\/wp\/v2\/types\/post"}],"author":[{"embeddable":true,"href":"https:\/\/zonaroja.com.mx\/index.php?rest_route=\/wp\/v2\/users\/2"}],"replies":[{"embeddable":true,"href":"https:\/\/zonaroja.com.mx\/index.php?rest_route=%2Fwp%2Fv2%2Fcomments&post=48797"}],"version-history":[{"count":3,"href":"https:\/\/zonaroja.com.mx\/index.php?rest_route=\/wp\/v2\/posts\/48797\/revisions"}],"predecessor-version":[{"id":48801,"href":"https:\/\/zonaroja.com.mx\/index.php?rest_route=\/wp\/v2\/posts\/48797\/revisions\/48801"}],"wp:featuredmedia":[{"embeddable":true,"href":"https:\/\/zonaroja.com.mx\/index.php?rest_route=\/wp\/v2\/media\/48798"}],"wp:attachment":[{"href":"https:\/\/zonaroja.com.mx\/index.php?rest_route=%2Fwp%2Fv2%2Fmedia&parent=48797"}],"wp:term":[{"taxonomy":"category","embeddable":true,"href":"https:\/\/zonaroja.com.mx\/index.php?rest_route=%2Fwp%2Fv2%2Fcategories&post=48797"},{"taxonomy":"post_tag","embeddable":true,"href":"https:\/\/zonaroja.com.mx\/index.php?rest_route=%2Fwp%2Fv2%2Ftags&post=48797"}],"curies":[{"name":"wp","href":"https:\/\/api.w.org\/{rel}","templated":true}]}}