{"id":4880,"date":"2019-10-16T08:37:06","date_gmt":"2019-10-16T13:37:06","guid":{"rendered":"http:\/\/www.zonaroja.com.mx\/?p=4880"},"modified":"2019-10-16T08:37:09","modified_gmt":"2019-10-16T13:37:09","slug":"matan-a-otra-mujer-en-menos-de-48-horas-dos-asesinados-en-cuenca","status":"publish","type":"post","link":"https:\/\/zonaroja.com.mx\/?p=4880","title":{"rendered":"Matan a otra mujer en menos de 48 horas; dos asesinados en Cuenca"},"content":{"rendered":"\n<p>Ismael Garc\u00eda M.\/Zona Roja.<\/p>\n\n\n\n<p>Oaxaca de Ju\u00e1rez, Oax., 16 de octubre\nde 2019.- En menos de 48 horas, otra mujer fue asesinada en Oaxaca. <\/p>\n\n\n\n<p>Mientras que el lunes fue ultimada a\nbalazos una madre de familia en Pinotepa Nacional, ayer al mediod\u00eda fue\nasesinada con arma blanca otra mujer, en el municipio de Santa Cruz Xitla, del\ndistrito de Miahuatl\u00e1n.<\/p>\n\n\n\n<p>Aproximadamente a las 11:00 horas, la\nse\u00f1ora N. A. sal\u00eda de su domicilio y dej\u00f3 a su hija en la casa, cuando a medio\nkil\u00f3metro, fue atacada con arma blanca por parte de un sujeto.<\/p>\n\n\n\n<p>La v\u00edctima perdi\u00f3 la vida en el lugar\nmientras que polic\u00edas municipales lograron detener al probable responsable y lo\npusieron a disposici\u00f3n de la autoridad ministerial.<\/p>\n\n\n\n<p>CUENCA ROJA<\/p>\n\n\n\n<p>Mientras tanto, en la regi\u00f3n de la\nCuenca del Papaloapan se confirm\u00f3 el asesinato de dos personas, adem\u00e1s de una\nlesionada, hechos ajenos al presunto asalto a la tesorera del municipio de\nJalapa de D\u00edaz.<\/p>\n\n\n\n<p>Ayer por la tarde, elementos de la\nPolic\u00eda Estatal fueron agredidos en la carretera Plan de Guadalupe-San Juan\nBautista Tuxtepec, a la altura del kil\u00f3metro 135+600.<\/p>\n\n\n\n<p>Individuos a bordo de una camioneta\nmarca Toyota, Hilux, color blanco, tipo pick up, con al menos siete personas, les\ndispararon sus armas de fuego.<\/p>\n\n\n\n<p>Tras ello se inici\u00f3 una persecuci\u00f3n y a\nla altura de la localidad de Piedra de Amolar, San Lucas Ojitl\u00e1n, en el mismo\ntramo carretero, presuntamente los polic\u00edas hallaron ya muertos en un taxi del\nsitio \u00abCerro Rab\u00f3n\u00bb de Jalapa de D\u00edaz n\u00famero econ\u00f3mico 10-643, el\ncad\u00e1ver de una persona, de unos 20 a\u00f1os, identificado como \u00c1lvaro Santiago\nTerrero; a unos metros, otro cad\u00e1ver tambi\u00e9n de unos 20 a\u00f1os, de quien\nrespond\u00eda al nombre de Jos\u00e9 Antonio&nbsp;\nAlonso Arau; asimismo, un herido identificado como Giovani Castro P\u00e9rez.<\/p>\n\n\n\n<p>As\u00ed tambi\u00e9n se hall\u00f3 abandonada la\ncamioneta marca Toyota, modelo 2019, color blanco, con placas de circulaci\u00f3n\nXG8390A particulares del estado de Veracruz, misma que presenta impactos por\narma de fuego.<\/p>\n","protected":false},"excerpt":{"rendered":"<p>Ismael Garc\u00eda M.\/Zona Roja. Oaxaca de Ju\u00e1rez, Oax., 16 de octubre de 2019.- En menos&hellip;<\/p>\n","protected":false},"author":2,"featured_media":3785,"comment_status":"closed","ping_status":"open","sticky":false,"template":"","format":"standard","meta":{"_lmt_disableupdate":"","_lmt_disable":"","_jetpack_memberships_contains_paid_content":false,"footnotes":""},"categories":[109,51],"tags":[610,209],"class_list":["post-4880","post","type-post","status-publish","format-standard","has-post-thumbnail","hentry","category-minuto-a-minuto","category-zona-roja","tag-feminicidios-oaxaca","tag-san-lucas-ojitlan"],"jetpack_featured_media_url":"https:\/\/zonaroja.com.mx\/wp-content\/uploads\/2019\/09\/femini.jpg","jetpack_sharing_enabled":true,"_links":{"self":[{"href":"https:\/\/zonaroja.com.mx\/index.php?rest_route=\/wp\/v2\/posts\/4880","targetHints":{"allow":["GET"]}}],"collection":[{"href":"https:\/\/zonaroja.com.mx\/index.php?rest_route=\/wp\/v2\/posts"}],"about":[{"href":"https:\/\/zonaroja.com.mx\/index.php?rest_route=\/wp\/v2\/types\/post"}],"author":[{"embeddable":true,"href":"https:\/\/zonaroja.com.mx\/index.php?rest_route=\/wp\/v2\/users\/2"}],"replies":[{"embeddable":true,"href":"https:\/\/zonaroja.com.mx\/index.php?rest_route=%2Fwp%2Fv2%2Fcomments&post=4880"}],"version-history":[{"count":1,"href":"https:\/\/zonaroja.com.mx\/index.php?rest_route=\/wp\/v2\/posts\/4880\/revisions"}],"predecessor-version":[{"id":4881,"href":"https:\/\/zonaroja.com.mx\/index.php?rest_route=\/wp\/v2\/posts\/4880\/revisions\/4881"}],"wp:featuredmedia":[{"embeddable":true,"href":"https:\/\/zonaroja.com.mx\/index.php?rest_route=\/wp\/v2\/media\/3785"}],"wp:attachment":[{"href":"https:\/\/zonaroja.com.mx\/index.php?rest_route=%2Fwp%2Fv2%2Fmedia&parent=4880"}],"wp:term":[{"taxonomy":"category","embeddable":true,"href":"https:\/\/zonaroja.com.mx\/index.php?rest_route=%2Fwp%2Fv2%2Fcategories&post=4880"},{"taxonomy":"post_tag","embeddable":true,"href":"https:\/\/zonaroja.com.mx\/index.php?rest_route=%2Fwp%2Fv2%2Ftags&post=4880"}],"curies":[{"name":"wp","href":"https:\/\/api.w.org\/{rel}","templated":true}]}}