{"id":48802,"date":"2022-12-02T20:40:42","date_gmt":"2022-12-03T02:40:42","guid":{"rendered":"http:\/\/www.zonaroja.com.mx\/?p=48802"},"modified":"2022-12-02T20:40:43","modified_gmt":"2022-12-03T02:40:43","slug":"a-partir-del-1-de-enero-proximo-salario-minimo-aumentara-en-20","status":"publish","type":"post","link":"https:\/\/zonaroja.com.mx\/?p=48802","title":{"rendered":"A partir del 1 de enero pr\u00f3ximo, salario m\u00ednimo aumentar\u00e1 en 20%"},"content":{"rendered":"\n<p>Redacci\u00f3n\/Zona Roja Cdmx.<\/p>\n\n\n\n<p>Ciudad de M\u00e9xico, a 2 de diciembre de 2022.- A partir del 1 de enero del pr\u00f3ximo a\u00f1o, el salario m\u00ednimo aumentar\u00e1 en un 20 por ciento.<\/p>\n\n\n\n<p>As\u00ed, el m\u00ednimo general pasa de 172.87 a 207.44 pesos diarios, lo que al mes representa un aumento de mil 52 pesos.&nbsp;<\/p>\n\n\n\n<p>En la zona libre de la frontera norte pasa de 260.34 a 312.41 pesos diarios, es decir, mil 584 pesos mensuales m\u00e1s.<\/p>\n\n\n\n<p>As\u00ed lo confirmaron representantes de los tres sectores que conforman la Comisi\u00f3n Nacional de los Salarios M\u00ednimos (Conasami), quienes acordaron ayer el incremento.&nbsp;<\/p>\n\n\n\n<p>El ajuste ser\u00e1 v\u00e1lido a partir del primero de enero y que beneficiar\u00e1 a 6.4 millones de trabajadores.<\/p>\n\n\n\n<p>Ayer en la conferencia matutina, el Presidente Andr\u00e9s Manuel L\u00f3pez Obrador inform\u00f3 que desde hace m\u00e1s de 40 a\u00f1os no hab\u00eda un incremento importante.<\/p>\n\n\n\n<p>\u201cCon este incremento no vemos riesgos de que se dispare la inflaci\u00f3n\u201d, dijo, al destacar que se ir\u00e1 recuperando poco a poco el poder adquisitivo del salario.<\/p>\n\n\n\n<p>Resalt\u00f3 asimismo la participaci\u00f3n del sector empresarial, \u201cporque es donde hay m\u00e1s resistencias a veces. Hemos contado con el apoyo del sector empresarial y s\u00f3lo en una ocasi\u00f3n no hemos logrado consenso, pero el que ahora se haya logrado este acuerdo es muy importante, porque estamos enfrentando una inflaci\u00f3n de car\u00e1cter internacional y existe alguna preocupaci\u00f3n del sector empresarial y desde luego de nosotros, porque no podemos permitir que se desate la inflaci\u00f3n, porque eso afecta mucho\u201d, dijo.<\/p>\n\n\n\n<p>De acuerdo con datos del gobierno federal, el minisalario ha recuperado 90 por ciento su poder adquisitivo en t\u00e9rminos reales de 2018 a 2023.<\/p>\n\n\n\n<p>A partir de enero de 2023, M\u00e9xico aumentar\u00e1 31 posiciones a nivel internacional respecto a 2020 en el monitoreo global en este rengl\u00f3n, para colocarse as\u00ed en el lugar 50 de 135 pa\u00edses.<\/p>\n\n\n\n<p>En conjunto, los salarios m\u00ednimos profesionales tambi\u00e9n recibir\u00e1n un aumento de 20 por ciento el a\u00f1o entrante.<\/p>\n\n\n\n<p>(Con informaci\u00f3n de \u201cLa Jornada\u201d)<\/p>\n","protected":false},"excerpt":{"rendered":"<p>Redacci\u00f3n\/Zona Roja Cdmx. Ciudad de M\u00e9xico, a 2 de diciembre de 2022.- A partir del&hellip;<\/p>\n","protected":false},"author":2,"featured_media":48803,"comment_status":"closed","ping_status":"open","sticky":false,"template":"","format":"standard","meta":{"_lmt_disableupdate":"","_lmt_disable":"","_jetpack_memberships_contains_paid_content":false,"footnotes":""},"categories":[109,46],"tags":[],"class_list":["post-48802","post","type-post","status-publish","format-standard","has-post-thumbnail","hentry","category-minuto-a-minuto","category-zona-blanca"],"jetpack_featured_media_url":"https:\/\/zonaroja.com.mx\/wp-content\/uploads\/2022\/12\/Dinero-salario-minimo-aumento.jpeg","jetpack_sharing_enabled":true,"_links":{"self":[{"href":"https:\/\/zonaroja.com.mx\/index.php?rest_route=\/wp\/v2\/posts\/48802","targetHints":{"allow":["GET"]}}],"collection":[{"href":"https:\/\/zonaroja.com.mx\/index.php?rest_route=\/wp\/v2\/posts"}],"about":[{"href":"https:\/\/zonaroja.com.mx\/index.php?rest_route=\/wp\/v2\/types\/post"}],"author":[{"embeddable":true,"href":"https:\/\/zonaroja.com.mx\/index.php?rest_route=\/wp\/v2\/users\/2"}],"replies":[{"embeddable":true,"href":"https:\/\/zonaroja.com.mx\/index.php?rest_route=%2Fwp%2Fv2%2Fcomments&post=48802"}],"version-history":[{"count":1,"href":"https:\/\/zonaroja.com.mx\/index.php?rest_route=\/wp\/v2\/posts\/48802\/revisions"}],"predecessor-version":[{"id":48804,"href":"https:\/\/zonaroja.com.mx\/index.php?rest_route=\/wp\/v2\/posts\/48802\/revisions\/48804"}],"wp:featuredmedia":[{"embeddable":true,"href":"https:\/\/zonaroja.com.mx\/index.php?rest_route=\/wp\/v2\/media\/48803"}],"wp:attachment":[{"href":"https:\/\/zonaroja.com.mx\/index.php?rest_route=%2Fwp%2Fv2%2Fmedia&parent=48802"}],"wp:term":[{"taxonomy":"category","embeddable":true,"href":"https:\/\/zonaroja.com.mx\/index.php?rest_route=%2Fwp%2Fv2%2Fcategories&post=48802"},{"taxonomy":"post_tag","embeddable":true,"href":"https:\/\/zonaroja.com.mx\/index.php?rest_route=%2Fwp%2Fv2%2Ftags&post=48802"}],"curies":[{"name":"wp","href":"https:\/\/api.w.org\/{rel}","templated":true}]}}