{"id":48805,"date":"2022-12-02T21:47:06","date_gmt":"2022-12-03T03:47:06","guid":{"rendered":"http:\/\/www.zonaroja.com.mx\/?p=48805"},"modified":"2022-12-02T21:47:08","modified_gmt":"2022-12-03T03:47:08","slug":"se-tine-de-rojo-la-primavera-oaxaquena-cuatro-asesinados-este-viernes","status":"publish","type":"post","link":"https:\/\/zonaroja.com.mx\/?p=48805","title":{"rendered":"Se ti\u00f1e de rojo la \u201cPrimavera oaxaque\u00f1a\u201d: cuatro asesinados este viernes"},"content":{"rendered":"\n<p>Ismael Garc\u00eda M.\/Zona Roja.<\/p>\n\n\n\n<p>Oaxaca de Ju\u00e1rez, Oax., a 2 de diciembre de 2022.- Cuatro personas fueron asesinadas este viernes, segundo d\u00eda del gobierno de Salom\u00f3n Jara Cruz, del Partido Morena; en 48 horas, suman seis v\u00edctimas fatales.<\/p>\n\n\n\n<p>Mientras tanto, el mandatario estatal y el titular de la Secretar\u00eda de Seguridad y Protecci\u00f3n Ciudadana, optaron por irse hoy a Veracruz\u2026 a una reuni\u00f3n nacional de seguridad.<\/p>\n\n\n\n<p>En San Pedro Pochutla \u2014que gobern\u00f3 hasta hace una semana Saymi Pineda, actual secretaria de Turismo del gobierno estatal- se registraron tres v\u00edctimas en dos hechos violentos.<\/p>\n\n\n\n<p>El primer ataque ocurri\u00f3 alrededor de las 16:00 horas en la calle Morelos, cerca de pante\u00f3n municipal, donde dispararon en contra de tres personas, en que resultaron fallecidas dos personas y una m\u00e1s lesionada.<\/p>\n\n\n\n<p>Se trata de do j\u00f3venes, identificados como Axel G. Y C\u00e9sar P. M., quienes perdieron la vida al instante debido a los m\u00faltiples impactos de arma de fuego.<\/p>\n\n\n\n<p>Horas m\u00e1s tarde se registr\u00f3 otro ataque armado, en la Secci\u00f3n Primera, a la altura de la capilla del Ni\u00f1o Jes\u00fas y de manera preliminar se inform\u00f3 que la v\u00edctima fatal es un comerciante, a\u00fan no identificado.<\/p>\n\n\n\n<p>PRESUNTO DELINCUENTE<\/p>\n\n\n\n<p>Por otra parte, cerca del mediod\u00eda de hoy, en Santa Luc\u00eda del Camino fue ejecutado un individuo en el interior de su domicilio, ubicado en la privada de Fray Alejo de la colonia Del Bosque Norte, colindante con la agencia de Santa Mar\u00eda Ixcotel.<\/p>\n\n\n\n<p>La v\u00edctima fue identificada como Guadalupe Jorge G. M., conocido como \u201cMatach\u00edn\u201d, de aproximadamente 63 a\u00f1os de edad, due\u00f1o de un bar y con antecedentes penales.<\/p>\n\n\n\n<p>Cuenta con diversas Carpetas de Investigaci\u00f3n por varios delitos que se le imputan, entre ellos robo de veh\u00edculos en 2003; en 2005 por lesiones y disparo de arma de fuego; en 2008 por el delito de fraude y fue procesado y sentenciado por portaci\u00f3n de arma de fuego y explosivos.<\/p>\n\n\n\n<p>En 2010 se le libr\u00f3 de nuevo una orden de aprehensi\u00f3n por el delito de da\u00f1os y lesiones, adem\u00e1s de robo con violencia. Tambi\u00e9n est\u00e1 en calidad de v\u00edctima de secuestro en 2016; adem\u00e1s, ha sido v\u00edctima de al menos dos atentados.<\/p>\n\n\n\n<p>La Fiscal\u00eda General del Estado de Oaxaca indaga un probable ajuste de cuentas de grupos delictivos.<\/p>\n\n\n\n<p>Por otra parte, en la comunidad de San Juan Laxhila, del municipio de Nejapa de Madero, se report\u00f3 la muerte de una mujer de la tercera edad, cuyo cuerpo fue localizado en un barranco.<\/p>\n\n\n\n<p>Por el momento las autoridades han descartado un homicidio doloso y la v\u00edctima fue identificada como Adela M. A., de 58 a\u00f1os de edad.<\/p>\n","protected":false},"excerpt":{"rendered":"<p>Ismael Garc\u00eda M.\/Zona Roja. Oaxaca de Ju\u00e1rez, Oax., a 2 de diciembre de 2022.- Cuatro&hellip;<\/p>\n","protected":false},"author":2,"featured_media":48806,"comment_status":"closed","ping_status":"open","sticky":false,"template":"","format":"standard","meta":{"_lmt_disableupdate":"","_lmt_disable":"","_jetpack_memberships_contains_paid_content":false,"footnotes":""},"categories":[109,51],"tags":[151],"class_list":["post-48805","post","type-post","status-publish","format-standard","has-post-thumbnail","hentry","category-minuto-a-minuto","category-zona-roja","tag-san-pedro-pochutla"],"jetpack_featured_media_url":"https:\/\/zonaroja.com.mx\/wp-content\/uploads\/2022\/12\/Asesinado-Santa-Lucia-del-Camino.jpg","jetpack_sharing_enabled":true,"_links":{"self":[{"href":"https:\/\/zonaroja.com.mx\/index.php?rest_route=\/wp\/v2\/posts\/48805","targetHints":{"allow":["GET"]}}],"collection":[{"href":"https:\/\/zonaroja.com.mx\/index.php?rest_route=\/wp\/v2\/posts"}],"about":[{"href":"https:\/\/zonaroja.com.mx\/index.php?rest_route=\/wp\/v2\/types\/post"}],"author":[{"embeddable":true,"href":"https:\/\/zonaroja.com.mx\/index.php?rest_route=\/wp\/v2\/users\/2"}],"replies":[{"embeddable":true,"href":"https:\/\/zonaroja.com.mx\/index.php?rest_route=%2Fwp%2Fv2%2Fcomments&post=48805"}],"version-history":[{"count":1,"href":"https:\/\/zonaroja.com.mx\/index.php?rest_route=\/wp\/v2\/posts\/48805\/revisions"}],"predecessor-version":[{"id":48807,"href":"https:\/\/zonaroja.com.mx\/index.php?rest_route=\/wp\/v2\/posts\/48805\/revisions\/48807"}],"wp:featuredmedia":[{"embeddable":true,"href":"https:\/\/zonaroja.com.mx\/index.php?rest_route=\/wp\/v2\/media\/48806"}],"wp:attachment":[{"href":"https:\/\/zonaroja.com.mx\/index.php?rest_route=%2Fwp%2Fv2%2Fmedia&parent=48805"}],"wp:term":[{"taxonomy":"category","embeddable":true,"href":"https:\/\/zonaroja.com.mx\/index.php?rest_route=%2Fwp%2Fv2%2Fcategories&post=48805"},{"taxonomy":"post_tag","embeddable":true,"href":"https:\/\/zonaroja.com.mx\/index.php?rest_route=%2Fwp%2Fv2%2Ftags&post=48805"}],"curies":[{"name":"wp","href":"https:\/\/api.w.org\/{rel}","templated":true}]}}