{"id":48808,"date":"2022-12-02T22:19:17","date_gmt":"2022-12-03T04:19:17","guid":{"rendered":"http:\/\/www.zonaroja.com.mx\/?p=48808"},"modified":"2022-12-02T22:19:18","modified_gmt":"2022-12-03T04:19:18","slug":"tiene-la-4t-oaxaquena-su-primer-feminicidio-en-san-gabriel-mixtepec","status":"publish","type":"post","link":"https:\/\/zonaroja.com.mx\/?p=48808","title":{"rendered":"Tiene la 4T oaxaque\u00f1a su primer feminicidio, en San Gabriel Mixtepec"},"content":{"rendered":"\n<p>Ismael Garc\u00eda M.\/Zona Roja. Foto: Ilustraci\u00f3n<\/p>\n\n\n\n<p>Oaxaca de Ju\u00e1rez, Oax., a 2 de diciembre de 2022.- En el segundo d\u00eda del gobierno de Salom\u00f3n Jara Cruz, se registr\u00f3 el primer feminicidio del sexenio.<\/p>\n\n\n\n<p>De acuerdo con reportes preliminares, una mujer fue asesinada a balazos en su domicilio, en la calle 20 de Noviembre del barrio La Cruz, de San Gabriel Mixtepec.<\/p>\n\n\n\n<p>La v\u00edctima fue identificada como Yadira I. J. M., de aproximadamente 40 a\u00f1os de edad y result\u00f3 lesionado un individuo identificado como Alberto M. P., originario de Santos Reyes Nopala.<\/p>\n\n\n\n<p>Debido a que el probable feminicidio se registr\u00f3 aproximadamente a las 20:00 horas de este viernes, personal de la Fiscal\u00eda General del Estado de Oaxaca se traslada a la zona.<\/p>\n\n\n\n<p>Con este crimen, suman cinco personas asesinadas por disparos de arma de fuego este d\u00eda.<\/p>\n","protected":false},"excerpt":{"rendered":"<p>Ismael Garc\u00eda M.\/Zona Roja. Foto: Ilustraci\u00f3n Oaxaca de Ju\u00e1rez, Oax., a 2 de diciembre de&hellip;<\/p>\n","protected":false},"author":2,"featured_media":34099,"comment_status":"closed","ping_status":"open","sticky":false,"template":"","format":"standard","meta":{"_lmt_disableupdate":"","_lmt_disable":"","_jetpack_memberships_contains_paid_content":false,"footnotes":""},"categories":[109,51],"tags":[610,1270],"class_list":["post-48808","post","type-post","status-publish","format-standard","has-post-thumbnail","hentry","category-minuto-a-minuto","category-zona-roja","tag-feminicidios-oaxaca","tag-san-gabriel-mixtepec"],"jetpack_featured_media_url":"https:\/\/zonaroja.com.mx\/wp-content\/uploads\/2021\/11\/Feminicidio-Jamiltepec-Oaxaca.jpg","jetpack_sharing_enabled":true,"_links":{"self":[{"href":"https:\/\/zonaroja.com.mx\/index.php?rest_route=\/wp\/v2\/posts\/48808","targetHints":{"allow":["GET"]}}],"collection":[{"href":"https:\/\/zonaroja.com.mx\/index.php?rest_route=\/wp\/v2\/posts"}],"about":[{"href":"https:\/\/zonaroja.com.mx\/index.php?rest_route=\/wp\/v2\/types\/post"}],"author":[{"embeddable":true,"href":"https:\/\/zonaroja.com.mx\/index.php?rest_route=\/wp\/v2\/users\/2"}],"replies":[{"embeddable":true,"href":"https:\/\/zonaroja.com.mx\/index.php?rest_route=%2Fwp%2Fv2%2Fcomments&post=48808"}],"version-history":[{"count":1,"href":"https:\/\/zonaroja.com.mx\/index.php?rest_route=\/wp\/v2\/posts\/48808\/revisions"}],"predecessor-version":[{"id":48809,"href":"https:\/\/zonaroja.com.mx\/index.php?rest_route=\/wp\/v2\/posts\/48808\/revisions\/48809"}],"wp:featuredmedia":[{"embeddable":true,"href":"https:\/\/zonaroja.com.mx\/index.php?rest_route=\/wp\/v2\/media\/34099"}],"wp:attachment":[{"href":"https:\/\/zonaroja.com.mx\/index.php?rest_route=%2Fwp%2Fv2%2Fmedia&parent=48808"}],"wp:term":[{"taxonomy":"category","embeddable":true,"href":"https:\/\/zonaroja.com.mx\/index.php?rest_route=%2Fwp%2Fv2%2Fcategories&post=48808"},{"taxonomy":"post_tag","embeddable":true,"href":"https:\/\/zonaroja.com.mx\/index.php?rest_route=%2Fwp%2Fv2%2Ftags&post=48808"}],"curies":[{"name":"wp","href":"https:\/\/api.w.org\/{rel}","templated":true}]}}