{"id":48810,"date":"2022-12-03T08:38:00","date_gmt":"2022-12-03T14:38:00","guid":{"rendered":"http:\/\/www.zonaroja.com.mx\/?p=48810"},"modified":"2022-12-03T06:52:41","modified_gmt":"2022-12-03T12:52:41","slug":"exige-la-seccion-22-del-snte-que-no-designen-a-represor-en-pabic","status":"publish","type":"post","link":"https:\/\/zonaroja.com.mx\/?p=48810","title":{"rendered":"Exige la Secci\u00f3n 22 del SNTE que no designen a \u201crepresor\u201d en PABIC"},"content":{"rendered":"\n<p>Ismael Garc\u00eda M.\/Zona Roja.<\/p>\n\n\n\n<p>Oaxaca de Ju\u00e1rez, Oax., a 3 de diciembre de 2022.- Ante el probable nombramiento de Alejandro Tejada como director de la Polic\u00eda Auxiliar, Bancaria, Industrial y Comercial (PABIC) de Oaxaca, la Secci\u00f3n 22 del Sindicato Nacional de Trabajadores de la Educaci\u00f3n (SNTE) exigi\u00f3 no designar a un \u201crepresor\u201d del movimiento social en 2006.<\/p>\n\n\n\n<p>Demand\u00f3 que el Ejecutivo estatal (Salom\u00f3n Jara Cruz) respete la hist\u00f3rica lucha del Movimiento Democr\u00e1tico de los Trabajadores de la Educaci\u00f3n \u201cy deponga su actitud en el nombramiento de funcionarios reciclados que en su actuar han<\/p>\n\n\n\n<p>violentado los derechos del pueblo oaxaque\u00f1o y el derecho a la protesta\u201d.<\/p>\n\n\n\n<p>A trav\u00e9s de un comunicado, a gremial que dirige Yenny Aracely P\u00e9rez, record\u00f3 que en el a\u00f1o 2006, el movimiento magisterial y popular fue capaz de enfrentar la dura crisis que gener\u00f3 el gobierno \u201cespurio del caricero de Antequera\u201d Ulises Ruiz Ortiz, \u201cquien impuso en el Estado una fuerza policial desmedida que con el uso de las caravanas de la muerte persigui\u00f3, torturo y asesin\u00f3 a varios luchadores sociales. \u00a1La cuenta est\u00e1 pendiente!\u201d.<\/p>\n\n\n\n<p>Indic\u00f3 que a 16 a\u00f1os de esos hechos persiste la impunidad para enjuiciar a los \u201casesinos\u201d del 2006 y demand\u00f3 al gobierno de Jara Cruz c\u00e1rcel para Alejandro Tejada Morales, pues \u201clos asesinos del pueblo de Oaxaca no deben ser premiados en el gobierno estatal con un cargo\u201d.<\/p>\n\n\n\n<p>A\u00f1adi\u00f3 que dicho individuo \u201ces parte del clan de asesinos y represores del pueblo\u201d, por lo que exigi\u00f3 que no se le designe en alg\u00fan cargo p\u00fablico.&nbsp;<\/p>\n\n\n\n<p>De la misma manera, la Secci\u00f3n 22 se pronunci\u00f3 en contra de la agresi\u00f3n a las organizaciones sociales \u201cque en el af\u00e1n de obtener ingresos para sus familias instalaron campamentos en el z\u00f3calo mismos que fueron retirados por la madrugada.<\/p>\n\n\n\n<p>\u201cNuestra pol\u00edtica de alianza nos conduce a mantener la unidad con las organizaciones sociales. por lo que manifestamos nuestra solidaridad con los vendedores desalojados y nos unimos a la exigencia de respeto al derecho de obtener ingresos a partir de la falta de empleos.<\/p>\n\n\n\n<p>\u201cCon el uso de la fuerza p\u00fablica, la agresi\u00f3n, persecuci\u00f3n y designaci\u00f3n de los agresores del pueblo no se gobierna en Oaxaca\u201d, remarc\u00f3.<\/p>\n","protected":false},"excerpt":{"rendered":"<p>Ismael Garc\u00eda M.\/Zona Roja. Oaxaca de Ju\u00e1rez, Oax., a 3 de diciembre de 2022.- Ante&hellip;<\/p>\n","protected":false},"author":2,"featured_media":48811,"comment_status":"closed","ping_status":"open","sticky":false,"template":"","format":"standard","meta":{"_lmt_disableupdate":"","_lmt_disable":"","_jetpack_memberships_contains_paid_content":false,"footnotes":""},"categories":[109,47],"tags":[3333],"class_list":["post-48810","post","type-post","status-publish","format-standard","has-post-thumbnail","hentry","category-minuto-a-minuto","category-zona-gris","tag-alejandro-tejada-morales"],"jetpack_featured_media_url":"https:\/\/zonaroja.com.mx\/wp-content\/uploads\/2022\/12\/Alejandro-Tejada-y-Morena.jpeg","jetpack_sharing_enabled":true,"_links":{"self":[{"href":"https:\/\/zonaroja.com.mx\/index.php?rest_route=\/wp\/v2\/posts\/48810","targetHints":{"allow":["GET"]}}],"collection":[{"href":"https:\/\/zonaroja.com.mx\/index.php?rest_route=\/wp\/v2\/posts"}],"about":[{"href":"https:\/\/zonaroja.com.mx\/index.php?rest_route=\/wp\/v2\/types\/post"}],"author":[{"embeddable":true,"href":"https:\/\/zonaroja.com.mx\/index.php?rest_route=\/wp\/v2\/users\/2"}],"replies":[{"embeddable":true,"href":"https:\/\/zonaroja.com.mx\/index.php?rest_route=%2Fwp%2Fv2%2Fcomments&post=48810"}],"version-history":[{"count":1,"href":"https:\/\/zonaroja.com.mx\/index.php?rest_route=\/wp\/v2\/posts\/48810\/revisions"}],"predecessor-version":[{"id":48812,"href":"https:\/\/zonaroja.com.mx\/index.php?rest_route=\/wp\/v2\/posts\/48810\/revisions\/48812"}],"wp:featuredmedia":[{"embeddable":true,"href":"https:\/\/zonaroja.com.mx\/index.php?rest_route=\/wp\/v2\/media\/48811"}],"wp:attachment":[{"href":"https:\/\/zonaroja.com.mx\/index.php?rest_route=%2Fwp%2Fv2%2Fmedia&parent=48810"}],"wp:term":[{"taxonomy":"category","embeddable":true,"href":"https:\/\/zonaroja.com.mx\/index.php?rest_route=%2Fwp%2Fv2%2Fcategories&post=48810"},{"taxonomy":"post_tag","embeddable":true,"href":"https:\/\/zonaroja.com.mx\/index.php?rest_route=%2Fwp%2Fv2%2Ftags&post=48810"}],"curies":[{"name":"wp","href":"https:\/\/api.w.org\/{rel}","templated":true}]}}