{"id":48813,"date":"2022-12-03T07:19:15","date_gmt":"2022-12-03T13:19:15","guid":{"rendered":"http:\/\/www.zonaroja.com.mx\/?p=48813"},"modified":"2022-12-03T07:19:17","modified_gmt":"2022-12-03T13:19:17","slug":"sin-atencion-de-gobierno-y-de-diputados-reanudan-bloqueos-en-rio-hondo","status":"publish","type":"post","link":"https:\/\/zonaroja.com.mx\/?p=48813","title":{"rendered":"Sin atenci\u00f3n de gobierno y de diputados, reanudan bloqueos en R\u00edo Hondo"},"content":{"rendered":"\n<p>Ismael Garc\u00eda M.\/Zona Roja.<\/p>\n\n\n\n<p>Oaxaca de Ju\u00e1rez, Oax., a 3 de diciembre de 2022.- Ante la de nula respuesta del Poder Legislativo para decretar desaparici\u00f3n de poderes y revocaci\u00f3n de mandato al edil morenista \u00c1ngel Gerardo Ruiz Vel\u00e1squez, pobladores de San Mateo R\u00edo Hondo reanudaron el bloqueo a la carretera federal 175 Oaxaca-Puerto \u00c1ngel.<\/p>\n\n\n\n<p>La madrugada de hoy instalaron cierres de vialidad en inmediaciones de la localidad El Manzanal y cerca de San Jos\u00e9 del Pac\u00edfico, con lo cual impiden el tr\u00e1nsito vehicular.<\/p>\n\n\n\n<p>Ayer por la noche en el z\u00f3calo de la ciudad, un grupo encabezado por el vocero del movimiento, Esa\u00fa Garc\u00eda, advirti\u00f3 de la reanudaci\u00f3n de la protesta:<\/p>\n\n\n\n<p>\u201cDadas las circunstancias del nuevo gobierno sin voluntad pol\u00edtica con la ciudadan\u00eda y la apat\u00eda que existe en el Congreso del Estado de no avanzar en el proceso actual, este municipio se declara en ingobernabilidad y desconoce a su Cabildo en funciones\u201d.<\/p>\n\n\n\n<p>Responsabilizaron al presidente municipal de lo que pudiera suceder en cuestiones de seguridad e ingobernabilidad y lamentaron que la Secretar\u00eda General de Gobierno no d\u00e9 soluci\u00f3n al conflicto actual en el municipio.<\/p>\n\n\n\n<p>\u201cLamentamos por la ciudadan\u00eda que los bloqueos sigan siendo el medio de presi\u00f3n para llamar la atenci\u00f3n de los que nos gobiernan.<\/p>\n\n\n\n<p>\u201cTuvimos la disposici\u00f3n y voluntad de nuestra gente y nos tuvieron perdiendo el tiempo dos horas en las instalaciones de Ciudad Administrativa, esperando una reuni\u00f3n a la cual ellos nos convocaron\u201d, refiere el comunicado.<\/p>\n\n\n\n<p>Esa\u00fa Garc\u00eda dijo que m\u00e1s de mil 300 personas han firmado el documento que se envi\u00f3 al Poder Legislativo\u00a0para exigir la revocaci\u00f3n de mandato, pero hasta ahora los diputados no han hecho nada al respecto.<\/p>\n\n\n\n<p>\u201cHasta ahorita no ha habido ninguna atenci\u00f3n; tuvimos la voluntad de no bloquear ni ayer ni anteayer porque sab\u00edamos que hab\u00eda transici\u00f3n de gobierno; nos pidieron amablemente que no bloque\u00e1ramos, sin embargo, fue una burla; fue tomarnos el pelo, porque no hubo ninguna respuesta por parte de la Secretar\u00eda General\u201d.<\/p>\n\n\n\n<p>Hace m\u00e1s de un mes bloquearon por al menos un mes la misma carretera, sin lograr soluci\u00f3n; han acusado de manera continua al edil \u00c1ngel Gerardo Ruiz de corrupci\u00f3n y desv\u00edo de recursos, entre ellos del dinero que envi\u00f3 la Federaci\u00f3n para afectados por el hurac\u00e1n \u00ab\u00c1gatha\u00bb.<\/p>\n","protected":false},"excerpt":{"rendered":"<p>Ismael Garc\u00eda M.\/Zona Roja. Oaxaca de Ju\u00e1rez, Oax., a 3 de diciembre de 2022.- Ante&hellip;<\/p>\n","protected":false},"author":2,"featured_media":48815,"comment_status":"closed","ping_status":"open","sticky":false,"template":"","format":"standard","meta":{"_lmt_disableupdate":"","_lmt_disable":"","_jetpack_memberships_contains_paid_content":false,"footnotes":""},"categories":[109,47],"tags":[3258],"class_list":["post-48813","post","type-post","status-publish","format-standard","has-post-thumbnail","hentry","category-minuto-a-minuto","category-zona-gris","tag-san-mateo-rio-hondo"],"jetpack_featured_media_url":"https:\/\/zonaroja.com.mx\/wp-content\/uploads\/2022\/12\/Bloqueos-San-Mateo-Rio-Hondo.jpg","jetpack_sharing_enabled":true,"_links":{"self":[{"href":"https:\/\/zonaroja.com.mx\/index.php?rest_route=\/wp\/v2\/posts\/48813","targetHints":{"allow":["GET"]}}],"collection":[{"href":"https:\/\/zonaroja.com.mx\/index.php?rest_route=\/wp\/v2\/posts"}],"about":[{"href":"https:\/\/zonaroja.com.mx\/index.php?rest_route=\/wp\/v2\/types\/post"}],"author":[{"embeddable":true,"href":"https:\/\/zonaroja.com.mx\/index.php?rest_route=\/wp\/v2\/users\/2"}],"replies":[{"embeddable":true,"href":"https:\/\/zonaroja.com.mx\/index.php?rest_route=%2Fwp%2Fv2%2Fcomments&post=48813"}],"version-history":[{"count":1,"href":"https:\/\/zonaroja.com.mx\/index.php?rest_route=\/wp\/v2\/posts\/48813\/revisions"}],"predecessor-version":[{"id":48816,"href":"https:\/\/zonaroja.com.mx\/index.php?rest_route=\/wp\/v2\/posts\/48813\/revisions\/48816"}],"wp:featuredmedia":[{"embeddable":true,"href":"https:\/\/zonaroja.com.mx\/index.php?rest_route=\/wp\/v2\/media\/48815"}],"wp:attachment":[{"href":"https:\/\/zonaroja.com.mx\/index.php?rest_route=%2Fwp%2Fv2%2Fmedia&parent=48813"}],"wp:term":[{"taxonomy":"category","embeddable":true,"href":"https:\/\/zonaroja.com.mx\/index.php?rest_route=%2Fwp%2Fv2%2Fcategories&post=48813"},{"taxonomy":"post_tag","embeddable":true,"href":"https:\/\/zonaroja.com.mx\/index.php?rest_route=%2Fwp%2Fv2%2Ftags&post=48813"}],"curies":[{"name":"wp","href":"https:\/\/api.w.org\/{rel}","templated":true}]}}