{"id":48817,"date":"2022-12-03T10:32:00","date_gmt":"2022-12-03T16:32:00","guid":{"rendered":"http:\/\/www.zonaroja.com.mx\/?p=48817"},"modified":"2022-12-03T07:35:41","modified_gmt":"2022-12-03T13:35:41","slug":"inauguran-en-puebla-exposicion-fotografica-de-francisco-toledo","status":"publish","type":"post","link":"https:\/\/zonaroja.com.mx\/?p=48817","title":{"rendered":"Inauguran en Puebla exposici\u00f3n fotogr\u00e1fica de Francisco Toledo"},"content":{"rendered":"\n<p>Redacci\u00f3n\/Zona Roja.<\/p>\n\n\n\n<p>Oaxaca de Ju\u00e1rez, Oax., a 3 de diciembre de 2022.- Una colecci\u00f3n de fotograf\u00edas del artista pl\u00e1stico Francisco Toledo se inaugura este s\u00e1bado en el Museo Amparo de la ciudad de Puebla.<\/p>\n\n\n\n<p>Se trata de la muestra \u201cLu\u2019 Biaani: Francisco Toledo y la fotograf\u00eda\u201d la cual muestra, por medio de fotograf\u00edas, documentos, obras art\u00edsticas e instalaciones, la colecci\u00f3n realizada por el artista oaxaque\u00f1o en el \u00faltimo cuarto del siglo XX y a trav\u00e9s de ocho ejes tem\u00e1ticos.&nbsp;<\/p>\n\n\n\n<p>Para la inauguraci\u00f3n, habr\u00e1 una charla en el auditorio \u201cArq. Pedro Ram\u00edrez V\u00e1zquez\u201d este d\u00eda a las 12:00 horas con Alejandro Castellanos, curador de la muestra, la cual se transmitir\u00e1 de manera simult\u00e1nea a trav\u00e9s de la p\u00e1gina de Facebook del Museo Amparo.<\/p>\n\n\n\n<p>\u201cLu\u2019 Biaani\u201d es una combinaci\u00f3n de palabras zapotecas que significa en espa\u00f1ol \u201cojo de luz\u201d.&nbsp;<\/p>\n\n\n\n<p>La palabra abre mundos y la mirada los imagina. A su vez, el ojo del artista transforma la suma de ambas en obras tangibles, pero sucede a veces que dichas obras son creadas por otros artistas, quienes, sin ser plenamente conscientes de ello, forman parte de una cadena de transmisi\u00f3n de la luz, del ojo de luz que s\u00f3lo existe para iluminar nuestra realidad con la imaginaci\u00f3n.<\/p>\n\n\n\n<p>La muestra se presenta en el marco del 25 aniversario de la fundaci\u00f3n del Centro Fotogr\u00e1fico \u201cManuel \u00c1lvarez Bravo\u201d, un espacio creado en la ciudad de Oaxaca para promover la imagen fotogr\u00e1fica a trav\u00e9s de exposiciones, talleres y conferencias.&nbsp;<\/p>\n\n\n\n<p>La instituci\u00f3n est\u00e1 dedicada a uno de los m\u00e1s grandes exponentes de la fotograf\u00eda mexicana del siglo XX, Manuel \u00c1lvarez Bravo, fundado por Francisco Toledo el 17 de septiembre de 1996, con la presencia del fot\u00f3grafo.<\/p>\n\n\n\n<p>\u201cLu\u2019 Biaani\u201d presenta al p\u00fablico el \u201cojo de luz\u201d del artista que m\u00e1s influy\u00f3 en la transformaci\u00f3n de la fotograf\u00eda en M\u00e9xico en el \u00faltimo cuarto de siglo de un modo singular: mediante la promoci\u00f3n de la obra de otros, de la creaci\u00f3n de una colecci\u00f3n y de la fundaci\u00f3n de un espacio que rinde tributo al fot\u00f3grafo que lo conmovi\u00f3 de adolescente, donde tiene lugar la transferencia de la misma et\u00e9rea experiencia que le hizo imaginar el mundo a trav\u00e9s del \u201cojo de luz\u201d de la c\u00e1mara, y en el cual se ha forjado un modo de educaci\u00f3n peculiar.<\/p>\n\n\n\n<p>Con la oportunidad de conocer las grandes obras de la historia de la fotograf\u00eda de M\u00e9xico y el mundo desde el siglo XX, y a trav\u00e9s de la mirada autorial de artistas como Manuel y Lola \u00c1lvarez Bravo, Henri Cartier-Bresson, Edward Weston, Sebasti\u00e1n Salgado, Josef Koudelka, Juan Rulfo, Rafael Don\u00edz, Romualdo Garc\u00eda, Flor Gardu\u00f1o, Lourdes Grobet, Graciela Iturbide, Sotero Constantino Jim\u00e9nez, Yael Mart\u00ednez, Karina Ju\u00e1rez, Guillermo Kahlo, William Klein, Nacho L\u00f3pez, Eniac Mart\u00ednez, Mariana Yampolsky, Javier Hinojosa, Laureana Toledo, Antonio Turok, Pedro Meyer y Marcela Taboada, se ofrece una manera de comprender el universo creativo del Maestro Toledo.<\/p>\n\n\n\n<p>La exposici\u00f3n fue posible gracias a la colaboraci\u00f3n entre la Secretar\u00eda de Cultura, el Centro Nacional de Investigaci\u00f3n, Documentaci\u00f3n e Informaci\u00f3n de Artes Pl\u00e1sticas, el Centro Fotogr\u00e1fico \u201cManuel \u00c1lvarez Bravo\u201d, la asociaci\u00f3n Amigos del IAGO y del CFMAB, y la Fundaci\u00f3n Jumex Arte Contempor\u00e1neo.<\/p>\n\n\n\n<p>\u201cLu\u2019 Biaani: Francisco Toledo y la fotograf\u00eda\u201d estar\u00e1 presente en las galer\u00edas 1, 2 y 3 del Museo Amparo del 3 de diciembre de 2022 al 13 de marzo de 2023.<\/p>\n","protected":false},"excerpt":{"rendered":"<p>Redacci\u00f3n\/Zona Roja. Oaxaca de Ju\u00e1rez, Oax., a 3 de diciembre de 2022.- Una colecci\u00f3n de&hellip;<\/p>\n","protected":false},"author":2,"featured_media":48818,"comment_status":"closed","ping_status":"open","sticky":false,"template":"","format":"standard","meta":{"_lmt_disableupdate":"","_lmt_disable":"","_jetpack_memberships_contains_paid_content":false,"footnotes":""},"categories":[109,46],"tags":[677],"class_list":["post-48817","post","type-post","status-publish","format-standard","has-post-thumbnail","hentry","category-minuto-a-minuto","category-zona-blanca","tag-francisco-toledo"],"jetpack_featured_media_url":"https:\/\/zonaroja.com.mx\/wp-content\/uploads\/2022\/12\/IMG_1539.jpg","jetpack_sharing_enabled":true,"_links":{"self":[{"href":"https:\/\/zonaroja.com.mx\/index.php?rest_route=\/wp\/v2\/posts\/48817","targetHints":{"allow":["GET"]}}],"collection":[{"href":"https:\/\/zonaroja.com.mx\/index.php?rest_route=\/wp\/v2\/posts"}],"about":[{"href":"https:\/\/zonaroja.com.mx\/index.php?rest_route=\/wp\/v2\/types\/post"}],"author":[{"embeddable":true,"href":"https:\/\/zonaroja.com.mx\/index.php?rest_route=\/wp\/v2\/users\/2"}],"replies":[{"embeddable":true,"href":"https:\/\/zonaroja.com.mx\/index.php?rest_route=%2Fwp%2Fv2%2Fcomments&post=48817"}],"version-history":[{"count":1,"href":"https:\/\/zonaroja.com.mx\/index.php?rest_route=\/wp\/v2\/posts\/48817\/revisions"}],"predecessor-version":[{"id":48819,"href":"https:\/\/zonaroja.com.mx\/index.php?rest_route=\/wp\/v2\/posts\/48817\/revisions\/48819"}],"wp:featuredmedia":[{"embeddable":true,"href":"https:\/\/zonaroja.com.mx\/index.php?rest_route=\/wp\/v2\/media\/48818"}],"wp:attachment":[{"href":"https:\/\/zonaroja.com.mx\/index.php?rest_route=%2Fwp%2Fv2%2Fmedia&parent=48817"}],"wp:term":[{"taxonomy":"category","embeddable":true,"href":"https:\/\/zonaroja.com.mx\/index.php?rest_route=%2Fwp%2Fv2%2Fcategories&post=48817"},{"taxonomy":"post_tag","embeddable":true,"href":"https:\/\/zonaroja.com.mx\/index.php?rest_route=%2Fwp%2Fv2%2Ftags&post=48817"}],"curies":[{"name":"wp","href":"https:\/\/api.w.org\/{rel}","templated":true}]}}