{"id":48820,"date":"2022-12-03T07:41:01","date_gmt":"2022-12-03T13:41:01","guid":{"rendered":"http:\/\/www.zonaroja.com.mx\/?p=48820"},"modified":"2022-12-03T07:41:03","modified_gmt":"2022-12-03T13:41:03","slug":"recibe-rector-de-universidad-de-perugia-italia-doctorado-honoris-causa-en-oaxaca","status":"publish","type":"post","link":"https:\/\/zonaroja.com.mx\/?p=48820","title":{"rendered":"Recibe rector de Universidad de Perugia, Italia, doctorado Honoris Causa en Oaxaca"},"content":{"rendered":"\n<p>Redacci\u00f3n\/Zona Roja.<br>Oaxaca de Ju\u00e1rez, Oax., a 3 de diciembre de 2022.- El Poder Judicial del Estado de Oaxaca&nbsp;fue sede de la entrega del Doctorado Honoris Causa al&nbsp;profesor&nbsp;Maurizio Oliviero,&nbsp;rector de la Universit\u00e0 degli Studi di Perugia, que&nbsp;le concedi\u00f3&nbsp;el&nbsp;Instituto de Estudios Superiores en Derecho Penal (Indepac),&nbsp;por su honorabilidad y profundo conocimiento de la ciencia jur\u00eddica y del Derecho en particular.<\/p>\n\n\n\n<p>En&nbsp;la&nbsp;magna ceremonia, realizada en el auditorio del Tribunal Superior de Justicia, le fue colocada&nbsp;al acad\u00e9mico&nbsp;la toga, muceta,&nbsp;el birrete&nbsp;y&nbsp;la medalla como s\u00edmbolo de reconocimiento&nbsp;a sus m\u00e9ritos,&nbsp;entre los que destacan su activismo como asesor internacional en materia de Derecho Constitucional y ser miembro de la Mesa Internacional de la Liga \u00c1rabe para la \u201cActivaci\u00f3n del Estatuto del Parlamento \u00c1rabe\u201d, con sede en Bagdad.&nbsp;<\/p>\n\n\n\n<p>Asimismo, es experto externo del Comit\u00e9 Interministerial de Derechos Humanos (CIDH); miembro de la Comisi\u00f3n Internacional de 30 expertos nombrada por la OCDE para la preparaci\u00f3n de las nuevas Constituciones Democr\u00e1ticas en las antiguas Rep\u00fablicas&nbsp;Socialistas&nbsp;de Asia Central y Coordinador del Comit\u00e9 Cient\u00edfico Internacional para la Construcci\u00f3n Institucional en Oriente Medio.&nbsp;<\/p>\n\n\n\n<p>Desde su asunci\u00f3n como rector de la Universidad de Perugia, fundada en 1308 y que posee la m\u00e1s antigua Escuela de Derecho del mundo, ha emprendido un trabajo de modernizaci\u00f3n y de vinculaci\u00f3n internacional sin precedentes en Italia y en Europa, mismo que incluye la firma de m\u00e1s de 500 convenios de colaboraci\u00f3n acad\u00e9mica.&nbsp;<\/p>\n\n\n\n<p>En su intervenci\u00f3n, el magistrado presidente Eduardo Pinacho S\u00e1nchez, resalt\u00f3 que sin la visi\u00f3n internacionalista de cooperaci\u00f3n del rector Oliviero&nbsp;y la concreci\u00f3n que su esp\u00edritu de universalidad encarna, no hubiese sido posible la firma del Convenio de Colaboraci\u00f3n entre este Poder Judicial y dicha Universidad de Perugia y en consecuencia el desarrollo de la Maestr\u00eda en Derecho Judicial,&nbsp;la cual es clave para la formaci\u00f3n de las y los&nbsp;en&nbsp;juzgadores .<\/p>\n\n\n\n<p>Acompa\u00f1aron al titular del Poder Judicial del Estado en la mesa del pres\u00eddium, el magistrado Gerardo Carmona Castillo, integrante de la Segunda Sala Penal Colegiada y presidente de la Cuarta Sala Penal Unitaria del Tribunal Superior de Justicia; el&nbsp;doctor Mario Ignacio \u00c1lvarez Ledesma, coordinador acad\u00e9mico de la maestr\u00eda en Derecho Judicial y representante personal del rector del Indepac, Alfredo Delgadillo Aguirre; as\u00ed como el director de la Escuela Judicial, maestro H\u00e9ctor V\u00e1squez Quevedo.&nbsp;<\/p>\n","protected":false},"excerpt":{"rendered":"<p>Redacci\u00f3n\/Zona Roja.Oaxaca de Ju\u00e1rez, Oax., a 3 de diciembre de 2022.- El Poder Judicial del&hellip;<\/p>\n","protected":false},"author":2,"featured_media":48821,"comment_status":"closed","ping_status":"open","sticky":false,"template":"","format":"standard","meta":{"_lmt_disableupdate":"","_lmt_disable":"","_jetpack_memberships_contains_paid_content":false,"footnotes":""},"categories":[109,46],"tags":[223],"class_list":["post-48820","post","type-post","status-publish","format-standard","has-post-thumbnail","hentry","category-minuto-a-minuto","category-zona-blanca","tag-poder-judicial-de-oaxaca"],"jetpack_featured_media_url":"https:\/\/zonaroja.com.mx\/wp-content\/uploads\/2022\/12\/Poder-Judicial-honoris-causa.jpeg","jetpack_sharing_enabled":true,"_links":{"self":[{"href":"https:\/\/zonaroja.com.mx\/index.php?rest_route=\/wp\/v2\/posts\/48820","targetHints":{"allow":["GET"]}}],"collection":[{"href":"https:\/\/zonaroja.com.mx\/index.php?rest_route=\/wp\/v2\/posts"}],"about":[{"href":"https:\/\/zonaroja.com.mx\/index.php?rest_route=\/wp\/v2\/types\/post"}],"author":[{"embeddable":true,"href":"https:\/\/zonaroja.com.mx\/index.php?rest_route=\/wp\/v2\/users\/2"}],"replies":[{"embeddable":true,"href":"https:\/\/zonaroja.com.mx\/index.php?rest_route=%2Fwp%2Fv2%2Fcomments&post=48820"}],"version-history":[{"count":1,"href":"https:\/\/zonaroja.com.mx\/index.php?rest_route=\/wp\/v2\/posts\/48820\/revisions"}],"predecessor-version":[{"id":48822,"href":"https:\/\/zonaroja.com.mx\/index.php?rest_route=\/wp\/v2\/posts\/48820\/revisions\/48822"}],"wp:featuredmedia":[{"embeddable":true,"href":"https:\/\/zonaroja.com.mx\/index.php?rest_route=\/wp\/v2\/media\/48821"}],"wp:attachment":[{"href":"https:\/\/zonaroja.com.mx\/index.php?rest_route=%2Fwp%2Fv2%2Fmedia&parent=48820"}],"wp:term":[{"taxonomy":"category","embeddable":true,"href":"https:\/\/zonaroja.com.mx\/index.php?rest_route=%2Fwp%2Fv2%2Fcategories&post=48820"},{"taxonomy":"post_tag","embeddable":true,"href":"https:\/\/zonaroja.com.mx\/index.php?rest_route=%2Fwp%2Fv2%2Ftags&post=48820"}],"curies":[{"name":"wp","href":"https:\/\/api.w.org\/{rel}","templated":true}]}}