{"id":48823,"date":"2022-12-03T11:00:00","date_gmt":"2022-12-03T17:00:00","guid":{"rendered":"http:\/\/www.zonaroja.com.mx\/?p=48823"},"modified":"2022-12-03T07:54:52","modified_gmt":"2022-12-03T13:54:52","slug":"fortalece-santa-lucia-del-camino-seguridad-y-proteccion-ciudadana","status":"publish","type":"post","link":"https:\/\/zonaroja.com.mx\/?p=48823","title":{"rendered":"Fortalece Santa Luc\u00eda del Camino seguridad y protecci\u00f3n ciudadana"},"content":{"rendered":"\n<p>Redacci\u00f3n\/Zona Roja.<\/p>\n\n\n\n<p>Oaxaca de Ju\u00e1rez, Oax., a 3 de diciembre de 2022.- El trabajo que realiza el ayuntamiento de Santa Luc\u00eda del Camino en materia de seguridad es 24 horas del d\u00eda, con la firme convicci\u00f3n de dar bienestar a las familias de este municipio.<\/p>\n\n\n\n<p>Por este motivo, la noche de este jueves 2 de diciembre, el presidente municipal Juan Carlos Garc\u00eda M\u00e1rquez supervis\u00f3 la colocaci\u00f3n de las c\u00e1maras de videovigilancia, que blindar\u00e1 al municipio de la delincuencia con el apoyo del C2, haci\u00e9ndolo m\u00e1s seguro para las y los habitantes.<\/p>\n\n\n\n<p>\u201cEstamos muy contentos porque el avance va a marchas forzadas, y esto es con el objetivo de brindar mayor seguridad a las y los ciudadanos de Santa Luc\u00eda del Camino\u201d, se\u00f1al\u00f3 al respecto el edil.<\/p>\n\n\n\n<p>Estas c\u00e1maras de videovigilancia, agreg\u00f3 el primer concejal de Santa Luc\u00eda del Camino, tambi\u00e9n tendr\u00e1n la capacidad de leer las placas de autom\u00f3viles, y su directa conexi\u00f3n al Registro P\u00fablico Vehicular (Repuve), se podr\u00e1 identificar de manera inmediata cualquier anomal\u00eda en las unidades de motor que transiten por esta demarcaci\u00f3n.<\/p>\n\n\n\n<p>Juan Carlos Garc\u00eda M\u00e1rquez reiter\u00f3 su compromiso con las familias de Santa Luc\u00eda del Camino, para darles la seguridad y el bienestar que merecen, y que por a\u00f1os han venido demandando a sus autoridades.<\/p>\n","protected":false},"excerpt":{"rendered":"<p>Redacci\u00f3n\/Zona Roja. Oaxaca de Ju\u00e1rez, Oax., a 3 de diciembre de 2022.- El trabajo que&hellip;<\/p>\n","protected":false},"author":2,"featured_media":48824,"comment_status":"closed","ping_status":"open","sticky":false,"template":"","format":"standard","meta":{"_lmt_disableupdate":"","_lmt_disable":"","_jetpack_memberships_contains_paid_content":false,"footnotes":""},"categories":[109,46],"tags":[337],"class_list":["post-48823","post","type-post","status-publish","format-standard","has-post-thumbnail","hentry","category-minuto-a-minuto","category-zona-blanca","tag-santa-lucia-del-camino"],"jetpack_featured_media_url":"https:\/\/zonaroja.com.mx\/wp-content\/uploads\/2022\/12\/Edil-Santa-Lucia-seguridad.jpeg","jetpack_sharing_enabled":true,"_links":{"self":[{"href":"https:\/\/zonaroja.com.mx\/index.php?rest_route=\/wp\/v2\/posts\/48823","targetHints":{"allow":["GET"]}}],"collection":[{"href":"https:\/\/zonaroja.com.mx\/index.php?rest_route=\/wp\/v2\/posts"}],"about":[{"href":"https:\/\/zonaroja.com.mx\/index.php?rest_route=\/wp\/v2\/types\/post"}],"author":[{"embeddable":true,"href":"https:\/\/zonaroja.com.mx\/index.php?rest_route=\/wp\/v2\/users\/2"}],"replies":[{"embeddable":true,"href":"https:\/\/zonaroja.com.mx\/index.php?rest_route=%2Fwp%2Fv2%2Fcomments&post=48823"}],"version-history":[{"count":1,"href":"https:\/\/zonaroja.com.mx\/index.php?rest_route=\/wp\/v2\/posts\/48823\/revisions"}],"predecessor-version":[{"id":48825,"href":"https:\/\/zonaroja.com.mx\/index.php?rest_route=\/wp\/v2\/posts\/48823\/revisions\/48825"}],"wp:featuredmedia":[{"embeddable":true,"href":"https:\/\/zonaroja.com.mx\/index.php?rest_route=\/wp\/v2\/media\/48824"}],"wp:attachment":[{"href":"https:\/\/zonaroja.com.mx\/index.php?rest_route=%2Fwp%2Fv2%2Fmedia&parent=48823"}],"wp:term":[{"taxonomy":"category","embeddable":true,"href":"https:\/\/zonaroja.com.mx\/index.php?rest_route=%2Fwp%2Fv2%2Fcategories&post=48823"},{"taxonomy":"post_tag","embeddable":true,"href":"https:\/\/zonaroja.com.mx\/index.php?rest_route=%2Fwp%2Fv2%2Ftags&post=48823"}],"curies":[{"name":"wp","href":"https:\/\/api.w.org\/{rel}","templated":true}]}}