{"id":48826,"date":"2022-12-03T11:55:00","date_gmt":"2022-12-03T17:55:00","guid":{"rendered":"http:\/\/www.zonaroja.com.mx\/?p=48826"},"modified":"2022-12-03T08:05:45","modified_gmt":"2022-12-03T14:05:45","slug":"demanda-el-congreso-del-estado-a-martinez-neri-reforzar-seguridad","status":"publish","type":"post","link":"https:\/\/zonaroja.com.mx\/?p=48826","title":{"rendered":"Llama la atenci\u00f3n el Congreso del Estado a Mart\u00ednez Neri por inseguridad"},"content":{"rendered":"\n<p>Redacci\u00f3n\/Zona Roja.<\/p>\n\n\n\n<p>Oaxaca de Ju\u00e1rez, Oax., a 3 de diciembre de 2022.- En el pleno de la 65 Legislatura del Congreso del Estado demand\u00f3 al municipio de Oaxaca de Ju\u00e1rez actuar de manera inmediata para disminuir los altos \u00edndices delictivos que se registran en la capital del estado.<\/p>\n\n\n\n<p>En un Punto de Acuerdo aprobado el pasado mi\u00e9rcoles en sesi\u00f3n ordinaria, los legisladores pidieron a las corporaciones de seguridad que, en conjunto con el ayuntamiento, implementen operativos policiales de vigilancia para garantizar la integridad de la ciudadan\u00eda y as\u00ed mantener el orden p\u00fablico.<\/p>\n\n\n\n<p>Cabe se\u00f1alar que el robo a transe\u00fantes, a negocios y a casa habitaci\u00f3n son los delitos m\u00e1s comunes en la ciudad capital, siendo la principal raz\u00f3n la falta de vigilancia y operatividad por parte de las autoridades.<\/p>\n\n\n\n<p>&nbsp;De acuerdo con la Coordinaci\u00f3n de Sistemas, Inform\u00e1tica y Estad\u00edstica de la Fiscal\u00eda General del Estado, Oaxaca de Ju\u00e1rez es la ciudad con mayor n\u00famero de actos delictivos.<\/p>\n\n\n\n<p>Este exhorto fue aprobado en sesi\u00f3n ordinaria de la 65 Legislatura con 26 votos a favor.<\/p>\n\n\n\n<p>Apenas hace una semana, fueron asesinadas tres personas, entre ellas dos mujeres, en la agencia de San Juan Chapultepec; pese a los m\u00faltiples asesinatos en lo que va del a\u00f1o, el edil Francisco Mart\u00ednez Neri mantiene a Ra\u00fal \u00c1vila Ibarra como titular de Seguridad P\u00fablica.<\/p>\n","protected":false},"excerpt":{"rendered":"<p>Redacci\u00f3n\/Zona Roja. Oaxaca de Ju\u00e1rez, Oax., a 3 de diciembre de 2022.- En el pleno&hellip;<\/p>\n","protected":false},"author":2,"featured_media":48827,"comment_status":"closed","ping_status":"open","sticky":false,"template":"","format":"standard","meta":{"_lmt_disableupdate":"","_lmt_disable":"","_jetpack_memberships_contains_paid_content":false,"footnotes":""},"categories":[109,47],"tags":[2418],"class_list":["post-48826","post","type-post","status-publish","format-standard","has-post-thumbnail","hentry","category-minuto-a-minuto","category-zona-gris","tag-francisco-martinez-neri"],"jetpack_featured_media_url":"https:\/\/zonaroja.com.mx\/wp-content\/uploads\/2022\/12\/Francisco-Martinez-Neri-y-Raul-Avila.jpg","jetpack_sharing_enabled":true,"_links":{"self":[{"href":"https:\/\/zonaroja.com.mx\/index.php?rest_route=\/wp\/v2\/posts\/48826","targetHints":{"allow":["GET"]}}],"collection":[{"href":"https:\/\/zonaroja.com.mx\/index.php?rest_route=\/wp\/v2\/posts"}],"about":[{"href":"https:\/\/zonaroja.com.mx\/index.php?rest_route=\/wp\/v2\/types\/post"}],"author":[{"embeddable":true,"href":"https:\/\/zonaroja.com.mx\/index.php?rest_route=\/wp\/v2\/users\/2"}],"replies":[{"embeddable":true,"href":"https:\/\/zonaroja.com.mx\/index.php?rest_route=%2Fwp%2Fv2%2Fcomments&post=48826"}],"version-history":[{"count":2,"href":"https:\/\/zonaroja.com.mx\/index.php?rest_route=\/wp\/v2\/posts\/48826\/revisions"}],"predecessor-version":[{"id":48829,"href":"https:\/\/zonaroja.com.mx\/index.php?rest_route=\/wp\/v2\/posts\/48826\/revisions\/48829"}],"wp:featuredmedia":[{"embeddable":true,"href":"https:\/\/zonaroja.com.mx\/index.php?rest_route=\/wp\/v2\/media\/48827"}],"wp:attachment":[{"href":"https:\/\/zonaroja.com.mx\/index.php?rest_route=%2Fwp%2Fv2%2Fmedia&parent=48826"}],"wp:term":[{"taxonomy":"category","embeddable":true,"href":"https:\/\/zonaroja.com.mx\/index.php?rest_route=%2Fwp%2Fv2%2Fcategories&post=48826"},{"taxonomy":"post_tag","embeddable":true,"href":"https:\/\/zonaroja.com.mx\/index.php?rest_route=%2Fwp%2Fv2%2Ftags&post=48826"}],"curies":[{"name":"wp","href":"https:\/\/api.w.org\/{rel}","templated":true}]}}