{"id":4883,"date":"2019-10-16T13:24:46","date_gmt":"2019-10-16T18:24:46","guid":{"rendered":"https:\/\/www.zonaroja.com.mx\/?p=4883"},"modified":"2019-10-16T13:24:48","modified_gmt":"2019-10-16T18:24:48","slug":"suspenden-clases-en-4-de-8-regiones-de-oaxaca-debido-a-intensas-lluvias","status":"publish","type":"post","link":"https:\/\/zonaroja.com.mx\/?p=4883","title":{"rendered":"Suspenden clases en 4 de 8 regiones de Oaxaca debido a intensas lluvias"},"content":{"rendered":"\n<p>Redacci\u00f3n\/Zona Roja.&nbsp;<\/p>\n\n\n\n<p>&nbsp;Oaxaca de Ju\u00e1rez, Oax., 16 de octubre de 2019.-&nbsp;Debido a la lluvias que se han registrado en el territorio oaxaque\u00f1o, derivadas del cicl\u00f3n tropical Diecisiete-E y la probabilidad de que evolucione a Depresi\u00f3n Tropical, las autoridades estatales autorizaron la suspensi\u00f3n de clases&nbsp;<a href=\"\/\/0\">este mi\u00e9rcoles<\/a>&nbsp;en planteles educativos de todos los municipios de las regiones del Istmo, Costa, Mixteca y Sierra Sur.<\/p>\n\n\n\n<p>As\u00ed lo dio a conocer el Instituto Estatal de Educaci\u00f3n P\u00fablica de Oaxaca (IEEPO), que detallo se trata de las escuelas de nivel b\u00e1sico las que vieron interrumpidas sus actividades acad\u00e9micas a fin de no poner en riesgo la integridad f\u00edsica del alumnado y la plantilla docente.<\/p>\n\n\n\n<p>La suspensi\u00f3n de clases aplica para los turnos matutino y vespertino durante&nbsp;<a href=\"\/\/1\">este mi\u00e9rcoles<\/a>, en todos los planteles de preescolar, primaria y secundaria publicas y privadas en&nbsp;<a href=\"\/\/2\">las cuatro<\/a>regiones antes mencionadas.<\/p>\n\n\n\n<p>De acuerdo con las autoridades de Protecci\u00f3n Civil las lluvias m\u00e1ximas en las \u00faltimas horas fueron registradas en las localidades de Tonameca, Puerto \u00c1ngel, Juchit\u00e1n de Zaragoza, Uni\u00f3n Hidalgo, Ostuta, San Blas Atempa, Astata, Tuxtepec y Mar\u00eda Lombardo.<\/p>\n\n\n\n<p>\u201cEl potencial cicl\u00f3nico que se venia desarrollando sobre el Golfo de Tehuantepec, en este momento ya esta en tierra, aproximadamente a 95 kil\u00f3metros al suroeste de Puerto \u00c1ngel y se espera que se siga desplazando en tierra ocasionando lluvias importantes en la entidad\u201d, aseguraron las autoridades.<\/p>\n\n\n\n<p>SEGUIR\u00c1N LLUVIAS<\/p>\n\n\n\n<p>Lo anterior aunado al Frente Fr\u00edo que se viene desplazando desde el Golfo de M\u00e9xico y otro potencial cicl\u00f3nico ocasiona que las lluvias contin\u00faen por los menos otras 24 horas conforme a la informaci\u00f3n que dio a conocer la Coordinaci\u00f3n de Protecci\u00f3n Civil en el Estado.<\/p>\n\n\n\n<p>Por lo anterior solicitaron a la poblaci\u00f3n que tome sus precauciones para la navegaci\u00f3n mar\u00edtima en la Costa e Istmo de Tehuantepec, as\u00ed como en tr\u00e1nsito de veh\u00edculos en zonas monta\u00f1osas debido a la probabilidad de deslizamiento laderas a consecuencia de las lluvias.<\/p>\n\n\n\n<p><\/p>\n","protected":false},"excerpt":{"rendered":"<p>Redacci\u00f3n\/Zona Roja.&nbsp; &nbsp;Oaxaca de Ju\u00e1rez, Oax., 16 de octubre de 2019.-&nbsp;Debido a la lluvias que&hellip;<\/p>\n","protected":false},"author":2,"featured_media":4882,"comment_status":"closed","ping_status":"open","sticky":false,"template":"","format":"standard","meta":{"_lmt_disableupdate":"","_lmt_disable":"","_jetpack_memberships_contains_paid_content":false,"footnotes":""},"categories":[1],"tags":[],"class_list":["post-4883","post","type-post","status-publish","format-standard","has-post-thumbnail","hentry","category-sin-categoria"],"jetpack_featured_media_url":"https:\/\/zonaroja.com.mx\/wp-content\/uploads\/2019\/10\/92ec33f9-a5b9-4398-89e0-fc059bd83d31.jpg","jetpack_sharing_enabled":true,"_links":{"self":[{"href":"https:\/\/zonaroja.com.mx\/index.php?rest_route=\/wp\/v2\/posts\/4883","targetHints":{"allow":["GET"]}}],"collection":[{"href":"https:\/\/zonaroja.com.mx\/index.php?rest_route=\/wp\/v2\/posts"}],"about":[{"href":"https:\/\/zonaroja.com.mx\/index.php?rest_route=\/wp\/v2\/types\/post"}],"author":[{"embeddable":true,"href":"https:\/\/zonaroja.com.mx\/index.php?rest_route=\/wp\/v2\/users\/2"}],"replies":[{"embeddable":true,"href":"https:\/\/zonaroja.com.mx\/index.php?rest_route=%2Fwp%2Fv2%2Fcomments&post=4883"}],"version-history":[{"count":1,"href":"https:\/\/zonaroja.com.mx\/index.php?rest_route=\/wp\/v2\/posts\/4883\/revisions"}],"predecessor-version":[{"id":4884,"href":"https:\/\/zonaroja.com.mx\/index.php?rest_route=\/wp\/v2\/posts\/4883\/revisions\/4884"}],"wp:featuredmedia":[{"embeddable":true,"href":"https:\/\/zonaroja.com.mx\/index.php?rest_route=\/wp\/v2\/media\/4882"}],"wp:attachment":[{"href":"https:\/\/zonaroja.com.mx\/index.php?rest_route=%2Fwp%2Fv2%2Fmedia&parent=4883"}],"wp:term":[{"taxonomy":"category","embeddable":true,"href":"https:\/\/zonaroja.com.mx\/index.php?rest_route=%2Fwp%2Fv2%2Fcategories&post=4883"},{"taxonomy":"post_tag","embeddable":true,"href":"https:\/\/zonaroja.com.mx\/index.php?rest_route=%2Fwp%2Fv2%2Ftags&post=4883"}],"curies":[{"name":"wp","href":"https:\/\/api.w.org\/{rel}","templated":true}]}}