{"id":48839,"date":"2022-12-03T17:28:11","date_gmt":"2022-12-03T23:28:11","guid":{"rendered":"http:\/\/www.zonaroja.com.mx\/?p=48839"},"modified":"2022-12-03T17:28:12","modified_gmt":"2022-12-03T23:28:12","slug":"desalojo-a-triquis-de-palacio-de-gobierno-en-oaxaca-polariza-a-defensores","status":"publish","type":"post","link":"https:\/\/zonaroja.com.mx\/?p=48839","title":{"rendered":"Desalojo a triquis de Palacio de Gobierno en Oaxaca polariza a defensores"},"content":{"rendered":"\n<p>Yuridiana Sosa\/Zona Roja.<\/p>\n\n\n\n<p>Oaxaca de Ju\u00e1rez, Oax., 3 de diciembre de 2022.- El desalojo al campamento de familias ind\u00edgenas triquis en bajos del Palacio de Gobierno de Oaxaca, en la capital, polariz\u00f3 las opiniones de defensores de derechos humanos, entre ellos el del sacerdote Alejandro Solalinde, que da raz\u00f3n al gobierno de Salom\u00f3n Jara.<\/p>\n\n\n\n<p>Desde su cuenta de Twitter, la activista defensora de derechos de las mujeres y fotoperiodista, Frida Guerrera \u2014quien vivi\u00f3 en Oaxaca un periodo\u2014, se pronunci\u00f3 contra el operativo del nuevo gobierno emanado de Morena, luego de ser testigo desde hace 12 a\u00f1os del desplazamiento forzado por la violencia en San Juan Copala.<\/p>\n\n\n\n<p>\u201cLlevan doce a\u00f1os desplazados, los despojaron de sus casas, su tierra, muchos de estos ni\u00f1os ya crecieron. Hoy fueron desalojados nuevamente de lo \u00fanico que ten\u00edan ahora en Oaxaca\u201d, expres\u00f3 la defensora, quien acompa\u00f1\u00f3 el mensaje de fotograf\u00edas del desplazamiento en 2010.<\/p>\n\n\n\n<p>Por el hecho, dirigido por el titular de la Secretar\u00eda de Gobierno de Oaxaca, Jes\u00fas Romero L\u00f3pez, Frida Guerra public\u00f3: \u201cLa violencia no es la v\u00eda. La primera acci\u00f3n que comete Salom\u00f3n Jara es contra mujeres y ni\u00f1os triquis. El poder no se conquista reprimiendo\u201d.<\/p>\n\n\n\n<p>En su hilo de mensajes en Twitter la defensora, quien ha dado acompa\u00f1amiento a las mujeres triquis, dio a conocer que justamente, con la llegada de Jara Cruz al gobierno de Oaxaca, la Comisi\u00f3n Interamericana de Derechos Humanos inform\u00f3 el 2 de diciembre que se retiraba la medida cautelar para 135 habitantes de San Juan Copala, en la resoluci\u00f3n 66\/2022.<\/p>\n\n\n\n<p>\u201cPor lo menos hubieras dialogado con ellas y ellos antes de actuar tan vilmente. Jes\u00fas Romero, porro de Salom\u00f3n\u201d, sentenci\u00f3.<\/p>\n\n\n\n<p>Por su parte, el activista Joaqu\u00edn Galv\u00e1n, de la regi\u00f3n Mixe, tambi\u00e9n expres\u00f3 su rechazo a la medida de Jara Cruz en su \u201cprimavera oaxaque\u00f1a\u201d.<\/p>\n\n\n\n<p>\u201cDe todos los actos de estado simb\u00f3licos con los que pudo haber iniciado Salom\u00f3n Jara su administraci\u00f3n en un estado donde el crimen organizado se adentra, donde el gobierno anterior deja legado de corrupci\u00f3n, escoge irse contra mujeres triquis. Prioridades de un gobierno mis\u00f3gino\u201d, escribi\u00f3.<\/p>\n\n\n\n<p>Agreg\u00f3 que el tema \u201cind\u00edgena solo sirve en las Guelaguetzas, el resto del a\u00f1o estorban los pasillos y dan mal vista al z\u00f3calo de la ciudad\u201d.<\/p>\n\n\n\n<p>LA OTRA CARA<\/p>\n\n\n\n<p>El sacerdote y defensor de derechos humanos, Alejandro Solalinde, tambi\u00e9n fij\u00f3 postura ante el suceso, pues ha sido parte de las mediciones, en las que se\u00f1al\u00f3 existen intereses donde s\u00f3lo importa el dinero.<\/p>\n\n\n\n<p>\u201cCuesta trabajo entender que un grupito, no un pueblo, ni una etnia como la Triqui, haya rechazado soluciones y acuerdos que ya hab\u00edamos construido, para optar por la extorsi\u00f3n y vivir del dinero de esas d\u00e1divas. El desalojo del gobernador Jara es una decisi\u00f3n de orden ya esperada\u201d.<\/p>\n\n\n\n<p>Continu\u00f3 su mensaje y precis\u00f3 que \u201clos hermanos Triquis desalojados en la Ciudad de Oaxaca han rechazado todas las soluciones. Yo mismo fui mediador en su conflicto y cuando hab\u00edamos llegado a una soluci\u00f3n, la rechazaron sus asesores pol\u00edticos que, por a\u00f1os han vivido de esto. Quieren dinero, no soluci\u00f3n\u201d.<\/p>\n\n\n\n<p>Por otra parte, este s\u00e1bado, en su regreso a Oaxaca tras su viaje a Veracruz este viernes, el gobernador Salom\u00f3n Jara justific\u00f3 en redes sociales el desalojo.<\/p>\n\n\n\n<p>\u201cEsta ma\u00f1ana salud\u00e9 a paisanas y paisanos en las afueras de Palacio de Gobierno, donde nos mostraron su alegr\u00eda porque ya disfrutan de un Z\u00f3calo limpio, ordenado y pueden convivir en familia. Son los primeros d\u00edas y Oaxaca ya est\u00e1 escribiendo su propia historia\u201d, cit\u00f3.<\/p>\n\n\n\n<p>EXIGEN RETORNO Y DI\u00c1LOGO<\/p>\n\n\n\n<p>El Movimiento y Unificaci\u00f3n de Lucha Triqui Independiente exigi\u00f3 al gobernador Salom\u00f3n Jara iniciar un di\u00e1logo con las familias desplazadas para construir el retorno seguro a su territorio.<\/p>\n\n\n\n<p>Conden\u00f3 que Salom\u00f3n Jara haya priorizado el desalojo antes de una mesa de di\u00e1logo, por lo que tambi\u00e9n llam\u00f3 al &nbsp;federal a asumir responsabilidad y de manera inmediata se instalen las mesas de di\u00e1logo como parte del proceso de pacificaci\u00f3n y reconciliaci\u00f3n que hemos propuesto como organizaci\u00f3n- desde hace mucho, dicen- para su regreso.<\/p>\n\n\n\n<p>Este s\u00e1bado, de nueva cuenta un grupo de ellas reactiv\u00f3 sus protestas y retir\u00f3 las vallas del acceso principal al Palacio; y cuando la secretaria de Bienestar, Laura Estrada, sal\u00eda del recinto, la jalonearon e intentaron retenerla.<\/p>\n","protected":false},"excerpt":{"rendered":"<p>Yuridiana Sosa\/Zona Roja. Oaxaca de Ju\u00e1rez, Oax., 3 de diciembre de 2022.- El desalojo al&hellip;<\/p>\n","protected":false},"author":2,"featured_media":48836,"comment_status":"closed","ping_status":"open","sticky":false,"template":"","format":"standard","meta":{"_lmt_disableupdate":"","_lmt_disable":"","_jetpack_memberships_contains_paid_content":false,"footnotes":""},"categories":[109,47],"tags":[2037],"class_list":["post-48839","post","type-post","status-publish","format-standard","has-post-thumbnail","hentry","category-minuto-a-minuto","category-zona-gris","tag-indigenas-triquis-copala"],"jetpack_featured_media_url":"https:\/\/zonaroja.com.mx\/wp-content\/uploads\/2022\/12\/Triquis-inconformes-Palacio-Oaxaca.jpg","jetpack_sharing_enabled":true,"_links":{"self":[{"href":"https:\/\/zonaroja.com.mx\/index.php?rest_route=\/wp\/v2\/posts\/48839","targetHints":{"allow":["GET"]}}],"collection":[{"href":"https:\/\/zonaroja.com.mx\/index.php?rest_route=\/wp\/v2\/posts"}],"about":[{"href":"https:\/\/zonaroja.com.mx\/index.php?rest_route=\/wp\/v2\/types\/post"}],"author":[{"embeddable":true,"href":"https:\/\/zonaroja.com.mx\/index.php?rest_route=\/wp\/v2\/users\/2"}],"replies":[{"embeddable":true,"href":"https:\/\/zonaroja.com.mx\/index.php?rest_route=%2Fwp%2Fv2%2Fcomments&post=48839"}],"version-history":[{"count":1,"href":"https:\/\/zonaroja.com.mx\/index.php?rest_route=\/wp\/v2\/posts\/48839\/revisions"}],"predecessor-version":[{"id":48840,"href":"https:\/\/zonaroja.com.mx\/index.php?rest_route=\/wp\/v2\/posts\/48839\/revisions\/48840"}],"wp:featuredmedia":[{"embeddable":true,"href":"https:\/\/zonaroja.com.mx\/index.php?rest_route=\/wp\/v2\/media\/48836"}],"wp:attachment":[{"href":"https:\/\/zonaroja.com.mx\/index.php?rest_route=%2Fwp%2Fv2%2Fmedia&parent=48839"}],"wp:term":[{"taxonomy":"category","embeddable":true,"href":"https:\/\/zonaroja.com.mx\/index.php?rest_route=%2Fwp%2Fv2%2Fcategories&post=48839"},{"taxonomy":"post_tag","embeddable":true,"href":"https:\/\/zonaroja.com.mx\/index.php?rest_route=%2Fwp%2Fv2%2Ftags&post=48839"}],"curies":[{"name":"wp","href":"https:\/\/api.w.org\/{rel}","templated":true}]}}