{"id":48841,"date":"2022-12-03T21:21:49","date_gmt":"2022-12-04T03:21:49","guid":{"rendered":"http:\/\/www.zonaroja.com.mx\/?p=48841"},"modified":"2022-12-03T21:21:51","modified_gmt":"2022-12-04T03:21:51","slug":"acumula-gobierno-de-jara-11-crimenes-en-3-dias-este-sabado-3-asesinados","status":"publish","type":"post","link":"https:\/\/zonaroja.com.mx\/?p=48841","title":{"rendered":"Acumula gobierno de Jara 11 cr\u00edmenes en 3 d\u00edas; este s\u00e1bado, 3 asesinados"},"content":{"rendered":"\n<p>Ismael Garc\u00eda M.\/Zona Roja.<\/p>\n\n\n\n<p>Oaxaca de Ju\u00e1rez, Oax., a 3 de abril de 2022.- En apenas tres d\u00edas, el gobierno de Salom\u00f3n Jara Cruz, surgido del Partido Morena, acumula 11 asesinatos, uno de ellos probable feminicidio.<\/p>\n\n\n\n<p>Este s\u00e1bado fueron asesinadas tres personas, dos en la regi\u00f3n del Istmo de Tehuantepec y una en la Costa.<\/p>\n\n\n\n<p>Esta tarde en Santa Mar\u00eda Colotepec, una persona del sexo masculino fue asesinada con disparos de arma de fuego.<\/p>\n\n\n\n<p>Fue atacado a balazos en una calle de la colonia La Joya y fue identificado como Andr\u00e9s M., de 36 a\u00f1os de edad.<\/p>\n\n\n\n<p>Mientras que en la comunidad de Llano Suchiapa, del municipio de Mat\u00edas Mat\u00edas Romero, fue ultimada una autoridad auxiliar, cuya identidad a\u00fan se desconoce.<\/p>\n\n\n\n<p>En Salina Cruz, se perpetr\u00f3 el asesinato en menos de una semana; este s\u00e1bado ocurri\u00f3 en la calzada Teniente Azueta, de la colonia Guadalupe, a unos pasos del Astillero de la Secretar\u00eda de Mariana.<\/p>\n\n\n\n<p>La v\u00edctima fue identificada como Javier R. O., de 40 a\u00f1os de edad, de oficio taxista, quien qued\u00f3 a un costado de su unidad de motor.&nbsp;<\/p>\n\n\n\n<p>Ayer viernes sumaron en total seis homicidios dolosos, uno de ellos en Santa Luc\u00eda del Camino; dos en San Gabriel Mixtepec, entre ellos una mujer, y tres en San Pedro Pochutla.<\/p>\n\n\n\n<p>Mientras que el jueves fue ultimado a balazos un individuo en jurisdicci\u00f3n de Asunci\u00f3n Ixtaltepec y otro crimen ocurri\u00f3 en Santa Mar\u00eda Huatulco.<\/p>\n","protected":false},"excerpt":{"rendered":"<p>Ismael Garc\u00eda M.\/Zona Roja. Oaxaca de Ju\u00e1rez, Oax., a 3 de abril de 2022.- En&hellip;<\/p>\n","protected":false},"author":2,"featured_media":48842,"comment_status":"closed","ping_status":"open","sticky":false,"template":"","format":"standard","meta":{"_lmt_disableupdate":"","_lmt_disable":"","_jetpack_memberships_contains_paid_content":false,"footnotes":""},"categories":[109,51],"tags":[168],"class_list":["post-48841","post","type-post","status-publish","format-standard","has-post-thumbnail","hentry","category-minuto-a-minuto","category-zona-roja","tag-salina-cruz"],"jetpack_featured_media_url":"https:\/\/zonaroja.com.mx\/wp-content\/uploads\/2022\/12\/Asesinado-Salina-Cruz.jpg","jetpack_sharing_enabled":true,"_links":{"self":[{"href":"https:\/\/zonaroja.com.mx\/index.php?rest_route=\/wp\/v2\/posts\/48841","targetHints":{"allow":["GET"]}}],"collection":[{"href":"https:\/\/zonaroja.com.mx\/index.php?rest_route=\/wp\/v2\/posts"}],"about":[{"href":"https:\/\/zonaroja.com.mx\/index.php?rest_route=\/wp\/v2\/types\/post"}],"author":[{"embeddable":true,"href":"https:\/\/zonaroja.com.mx\/index.php?rest_route=\/wp\/v2\/users\/2"}],"replies":[{"embeddable":true,"href":"https:\/\/zonaroja.com.mx\/index.php?rest_route=%2Fwp%2Fv2%2Fcomments&post=48841"}],"version-history":[{"count":1,"href":"https:\/\/zonaroja.com.mx\/index.php?rest_route=\/wp\/v2\/posts\/48841\/revisions"}],"predecessor-version":[{"id":48843,"href":"https:\/\/zonaroja.com.mx\/index.php?rest_route=\/wp\/v2\/posts\/48841\/revisions\/48843"}],"wp:featuredmedia":[{"embeddable":true,"href":"https:\/\/zonaroja.com.mx\/index.php?rest_route=\/wp\/v2\/media\/48842"}],"wp:attachment":[{"href":"https:\/\/zonaroja.com.mx\/index.php?rest_route=%2Fwp%2Fv2%2Fmedia&parent=48841"}],"wp:term":[{"taxonomy":"category","embeddable":true,"href":"https:\/\/zonaroja.com.mx\/index.php?rest_route=%2Fwp%2Fv2%2Fcategories&post=48841"},{"taxonomy":"post_tag","embeddable":true,"href":"https:\/\/zonaroja.com.mx\/index.php?rest_route=%2Fwp%2Fv2%2Ftags&post=48841"}],"curies":[{"name":"wp","href":"https:\/\/api.w.org\/{rel}","templated":true}]}}