{"id":4885,"date":"2019-10-16T18:59:36","date_gmt":"2019-10-16T23:59:36","guid":{"rendered":"http:\/\/www.zonaroja.com.mx\/?p=4885"},"modified":"2019-10-16T18:59:39","modified_gmt":"2019-10-16T23:59:39","slug":"mujer-atacada-a-golpes-en-san-antonio-de-la-cal-exige-justicia","status":"publish","type":"post","link":"https:\/\/zonaroja.com.mx\/?p=4885","title":{"rendered":"Mujer atacada a golpes en San Antonio de la Cal exige justicia"},"content":{"rendered":"\n<p>Redacci\u00f3n\/Zona Roja.<\/p>\n\n\n\n<p>Oaxaca de Ju\u00e1rez, Oax., 16 de octubre de\n2019.- Luego de que en d\u00edas pasados se difundiera en las redes sociales un\nvideo de la agresi\u00f3n f\u00edsica y violenta hacia una mujer, en las inmediaciones\ndel municipio de San Antonio de la Cal, Alma Amalia M\u00e9ndez Santiago, v\u00edctima de\nlos hechos denunci\u00f3 a sus agresores y exigi\u00f3 justicia.<\/p>\n\n\n\n<p>De acuerdo con la mujer, dedicada a la\nelaboraci\u00f3n de tortillas en la localidad, en d\u00edas pasados se encontraba\nlimpiado y cercando el predio que le hered\u00f3 su madre, cuando con lujo de\nviolencia arribaron Horacio Jim\u00e9nez M\u00e9ndez, Carlos Garc\u00eda M\u00e9ndez y Wily Garc\u00eda\nAntonio para intentar asesinarla.<\/p>\n\n\n\n<p>\u201cEl que se ve en el video que me est\u00e1\nahorcando con la intenci\u00f3n de matarme es Horacio Jim\u00e9nez M\u00e9ndez, quien iba\nacompa\u00f1ado de sus seguidores Carlos Garc\u00eda M\u00e9ndez -alias \u201cParka\u201d- y Wily Garc\u00eda\nAntonio, sobrino del comisariado ejidal\u201d, dijo.<\/p>\n\n\n\n<p>En este sentido, explic\u00f3 que estas\npersonas siempre han hecho lo mismo, toda vez que se la pasan amenazando a las\npersonas para quedarse con sus predios, ello con el respaldo del comisariado\nejidal Rogelio Garc\u00eda, tal como lo aseguran los hombres que la agredieron\nrecientemente.<\/p>\n\n\n\n<p>Debido a la agresi\u00f3n, la hija de Alma M\u00e9ndez que presenci\u00f3 los hechos, se encuentra afectada psicol\u00f3gicamente, raz\u00f3n por la que pide apoyo de las autoridades especializadas en atenci\u00f3n a la violencia de g\u00e9nero para que canalicen a la ni\u00f1a.<\/p>\n\n\n\n<figure class=\"wp-block-embed-twitter wp-block-embed is-type-rich is-provider-twitter\"><div class=\"wp-block-embed__wrapper\">\n<div class=\"twitter-tweet\"><blockquote class=\"twitter-tweet\" data-lang=\"es\"><p lang=\"es\" dir=\"ltr\"><a href=\"https:\/\/twitter.com\/hashtag\/OaxacaRojo?src=hash&amp;ref_src=twsrc%5Etfw\">#OaxacaRojo<\/a><br>\u00bfRecuerda el caso de la mujer que fue golpeada por hombres en San Antonio de la Cal? Esta es la historia de Alma Amalia M\u00e9ndez Santiago, que hasta el momento no haya justicia. <a href=\"https:\/\/twitter.com\/DDHPO?ref_src=twsrc%5Etfw\">@DDHPO<\/a> <a href=\"https:\/\/twitter.com\/Fridaguerrera?ref_src=twsrc%5Etfw\">@Fridaguerrera<\/a> <a href=\"https:\/\/twitter.com\/GES_Mujer?ref_src=twsrc%5Etfw\">@GES_Mujer<\/a> <a href=\"https:\/\/twitter.com\/consorciooaxaca?ref_src=twsrc%5Etfw\">@consorciooaxaca<\/a> <a href=\"https:\/\/t.co\/WfTfzHHvp9\">pic.twitter.com\/WfTfzHHvp9<\/a><\/p>&mdash; Zona Roja Oaxaca (@MexRoja) <a href=\"https:\/\/twitter.com\/MexRoja\/status\/1184317740997337088?ref_src=twsrc%5Etfw\">16 de octubre de 2019<\/a><\/blockquote><\/div>\n<\/div><\/figure>\n\n\n\n<p>En entrevista, Alma M\u00e9ndez explic\u00f3 que\nella cuenta con las escrituras del predio que tiene una dimensi\u00f3n de 10 por 20\nmetros, sin embargo, hay un inter\u00e9s por parte de quienes la agredieron por\napoderarse del terreno &#8211;que al parecer est\u00e1n en un partido pol\u00edtico&#8211;, incluso\nla han amenazado con quitarle a su hija en caso de que contin\u00fae con la denuncia\nque interpuso derivado del ataque f\u00edsico del que fue v\u00edctima.<\/p>\n\n\n\n<p>\u201cA m\u00ed la verdad s\u00ed me da un poco de\nprecauci\u00f3n por las amenazas que me hacen los tres, de que si no pueden conmigo\nesta mi familia, eso es lo que m\u00e1s me preocupa que le hagan da\u00f1o a alg\u00fan\nintegrante de mi familia\u201d, indic\u00f3.<\/p>\n\n\n\n<p>La mujer reiter\u00f3 que le predio ha\nestado en la familia desde su abuelo que lo adquiri\u00f3 y se lo hered\u00f3 a su madre,\nquien hizo lo mismo con ella, pero evidenci\u00f3 las pr\u00e1cticas deshonestas que se\nrealizan en la oficina del comisariado, a donde llegan los abogados que han\nincluso argumentando que la posesi\u00f3n del predio no les corresponde, aunque\ncuenten con los documentos que lo avalan.<\/p>\n\n\n\n<p>\u201cEllos no quieren tomar en cuenta los\npapeles que existen, sabemos que con dinero baila todo y muchos abogados \u2013cuatro\nen total- han sucumbido ante la autoridad ejidal que pretende apoderarse de las\ntierras, aprovech\u00e1ndose de las familias en la localidad\u201d, sentenci\u00f3.<\/p>\n\n\n\n<p>Finalmente, hizo un llamado a las\nautoridades municipales para que revisen el actuar del comisariado ejidal,\nmientras que a las autoridades de la Fiscal\u00eda General de Estado exigi\u00f3 su\nintervenci\u00f3n a fin de hacer justicia ante la agresi\u00f3n que fue v\u00edctima, as\u00ed como\ngarantizar la seguridad de su familia, que ha sido amenazada por sus agresores.<\/p>\n","protected":false},"excerpt":{"rendered":"<p>Redacci\u00f3n\/Zona Roja. Oaxaca de Ju\u00e1rez, Oax., 16 de octubre de 2019.- Luego de que en&hellip;<\/p>\n","protected":false},"author":2,"featured_media":4886,"comment_status":"closed","ping_status":"open","sticky":false,"template":"","format":"standard","meta":{"_lmt_disableupdate":"","_lmt_disable":"","_jetpack_memberships_contains_paid_content":false,"footnotes":""},"categories":[109,51],"tags":[876,875],"class_list":["post-4885","post","type-post","status-publish","format-standard","has-post-thumbnail","hentry","category-minuto-a-minuto","category-zona-roja","tag-amalia-mendez-santiago","tag-san-antonio-de-la-cal"],"jetpack_featured_media_url":"https:\/\/zonaroja.com.mx\/wp-content\/uploads\/2019\/10\/c528ec0b-40f5-4cc0-a4a2-5b1885918c38.jpg","jetpack_sharing_enabled":true,"_links":{"self":[{"href":"https:\/\/zonaroja.com.mx\/index.php?rest_route=\/wp\/v2\/posts\/4885","targetHints":{"allow":["GET"]}}],"collection":[{"href":"https:\/\/zonaroja.com.mx\/index.php?rest_route=\/wp\/v2\/posts"}],"about":[{"href":"https:\/\/zonaroja.com.mx\/index.php?rest_route=\/wp\/v2\/types\/post"}],"author":[{"embeddable":true,"href":"https:\/\/zonaroja.com.mx\/index.php?rest_route=\/wp\/v2\/users\/2"}],"replies":[{"embeddable":true,"href":"https:\/\/zonaroja.com.mx\/index.php?rest_route=%2Fwp%2Fv2%2Fcomments&post=4885"}],"version-history":[{"count":1,"href":"https:\/\/zonaroja.com.mx\/index.php?rest_route=\/wp\/v2\/posts\/4885\/revisions"}],"predecessor-version":[{"id":4887,"href":"https:\/\/zonaroja.com.mx\/index.php?rest_route=\/wp\/v2\/posts\/4885\/revisions\/4887"}],"wp:featuredmedia":[{"embeddable":true,"href":"https:\/\/zonaroja.com.mx\/index.php?rest_route=\/wp\/v2\/media\/4886"}],"wp:attachment":[{"href":"https:\/\/zonaroja.com.mx\/index.php?rest_route=%2Fwp%2Fv2%2Fmedia&parent=4885"}],"wp:term":[{"taxonomy":"category","embeddable":true,"href":"https:\/\/zonaroja.com.mx\/index.php?rest_route=%2Fwp%2Fv2%2Fcategories&post=4885"},{"taxonomy":"post_tag","embeddable":true,"href":"https:\/\/zonaroja.com.mx\/index.php?rest_route=%2Fwp%2Fv2%2Ftags&post=4885"}],"curies":[{"name":"wp","href":"https:\/\/api.w.org\/{rel}","templated":true}]}}