{"id":48850,"date":"2022-12-04T10:55:00","date_gmt":"2022-12-04T16:55:00","guid":{"rendered":"http:\/\/www.zonaroja.com.mx\/?p=48850"},"modified":"2022-12-04T06:58:21","modified_gmt":"2022-12-04T12:58:21","slug":"aumenta-a-21-las-muertes-por-meningitis-aseptica-en-durango","status":"publish","type":"post","link":"https:\/\/zonaroja.com.mx\/?p=48850","title":{"rendered":"Aumenta a 21 las muertes por meningitis as\u00e9ptica en Durango"},"content":{"rendered":"\n<p>Redacci\u00f3n\/Zona Roja Cdmx.<\/p>\n\n\n\n<p>Ciudad de M\u00e9xico, a 4 de diciembre de 2022.- La Secretar\u00eda de Salud de Durango (SSD) inform\u00f3 este s\u00e1bado que hasta el momento se han registrado en el estado 68 casos de meningitis as\u00e9ptica y 21 muertes a causa de esta enfermedad.<\/p>\n\n\n\n<p>El secretario general de Gobierno, H\u00e9ctor Vela Valenzuela, precis\u00f3 que en las \u00faltimas horas se sumaron los fallecimientos de dos mujeres: Brenda de 37 a\u00f1os y Vanessa de 24, quienes se encontraban hospitalizadas.<\/p>\n\n\n\n<p>Cabe mencionar que del total de decesos, 20 son mujeres y solo un var\u00f3n.<\/p>\n\n\n\n<p>Adem\u00e1s, el funcionario inform\u00f3 que se mantiene la vigilancia de mil 400 personas m\u00e1s cuyos expedientes fueron localizados como parte de la investigaci\u00f3n que se realiza a la documentaci\u00f3n de los hospitales particulares que fueron clausurados temporalmente.<\/p>\n\n\n\n<p>Y es que de acuerdo la Dra. Irasema Kondo Padilla, titular de la SSD, un hongo llamado Fusarium Solari ha sido el causante del brote de meningitis en varios hospitales de la entidad, los cuales han sido asegurados.<\/p>\n\n\n\n<p>Ante este panorama, recientemente se tuvo la presencia en el estado del Subsecretario de Prevenci\u00f3n y Promoci\u00f3n de la Salud, el Dr. Hugo L\u00f3pez-Gatell, quien se reuni\u00f3 con autoridades estatales, as\u00ed como con familiares de los fallecidos y de los hospitalizados, para escuchar el reclamo y dolor que atraviesas por esta situaci\u00f3n.<\/p>\n\n\n\n<p>\u201cYo lo \u00fanico que les aseguro hoy y como se los aseguramos ese d\u00eda es que habr\u00e1 total y absoluta mano dura para quien resulte responsable\u201d, coment\u00f3 luego de la reuni\u00f3n Vela Valenzuela.<\/p>\n\n\n\n<p>Se\u00f1al\u00f3 que por instrucciones del gobernador, Esteban Villegas Villarreal, es la fiscal general del estado, Sonia Yadira de la Garza Fragoso, la \u00fanica voz autorizada para abordar el tema jur\u00eddico, por lo que el pr\u00f3ximo lunes se har\u00e1n pronunciamientos importantes al respecto.<\/p>\n\n\n\n<p>Asimismo, al referirse a los trabajadores quienes por cuidar a su familiar enfermo las 24 horas del d\u00eda en el hospital han perdido sus empleos, asegur\u00f3 que hasta el momento ninguno de ellos se ha acercado a esta dependencia para solicitar apoyo; sin embargo, lo ofreci\u00f3 a trav\u00e9s de la Secretar\u00eda del Trabajo.<\/p>\n\n\n\n<p>Por lo anterior, a partir del pr\u00f3ximo 5 de diciembre las guarder\u00edas que dependen de la Secretar\u00eda de Educaci\u00f3n en el Estado (Seed) realizar\u00e1n una excepci\u00f3n y recibir\u00e1n a los menores de las pacientes con meningitis, indic\u00f3 el titular de la dependencia, Guillermo Adame Calder\u00f3n.<\/p>\n\n\n\n<p>Adame Calder\u00f3n indic\u00f3 que el Gobierno del Estado de Durango tiene designado un padrino a cada enfermo de meningitis, para que cuente con medicina, transporte, atenciones y cualquier necesidad que se presente.<\/p>\n\n\n\n<p>La Oficina de Salud P\u00fablica del estado de Luisiana en Estados Unidos define la meningitis como una enfermedad donde se inflaman los tejidos que cubren el cerebro y la m\u00e9dula espinal. La meningitis viral o as\u00e9ptica -que es la m\u00e1s com\u00fan- es causada por una infecci\u00f3n con uno o varios tipos de virus.<\/p>\n\n\n\n<p>No obstante, dicha enfermedad tambi\u00e9n puede ser causada por&nbsp;infecciones con diversos tipos de bacteria u hongos.<\/p>\n\n\n\n<p>Pese a ello, se detalla que&nbsp;raramente la meningitis as\u00e9ptica llega a ser fatal&nbsp;en personas con sistemas inmunes sanos. De acuerdo con su explicaci\u00f3n, los s\u00edntomas desaparecen entre siete y diez d\u00edas por lo que las personas pueden recuperarse completamente.<\/p>\n\n\n\n<p>(Informaci\u00f3n de Infobae M\u00e9xico)<\/p>\n","protected":false},"excerpt":{"rendered":"<p>Redacci\u00f3n\/Zona Roja Cdmx. Ciudad de M\u00e9xico, a 4 de diciembre de 2022.- La Secretar\u00eda de&hellip;<\/p>\n","protected":false},"author":2,"featured_media":48851,"comment_status":"closed","ping_status":"open","sticky":false,"template":"","format":"standard","meta":{"_lmt_disableupdate":"","_lmt_disable":"","_jetpack_memberships_contains_paid_content":false,"footnotes":""},"categories":[109,47],"tags":[3316],"class_list":["post-48850","post","type-post","status-publish","format-standard","has-post-thumbnail","hentry","category-minuto-a-minuto","category-zona-gris","tag-meningitis-durango"],"jetpack_featured_media_url":"https:\/\/zonaroja.com.mx\/wp-content\/uploads\/2022\/12\/Meningitis-Durango-1.jpeg","jetpack_sharing_enabled":true,"_links":{"self":[{"href":"https:\/\/zonaroja.com.mx\/index.php?rest_route=\/wp\/v2\/posts\/48850","targetHints":{"allow":["GET"]}}],"collection":[{"href":"https:\/\/zonaroja.com.mx\/index.php?rest_route=\/wp\/v2\/posts"}],"about":[{"href":"https:\/\/zonaroja.com.mx\/index.php?rest_route=\/wp\/v2\/types\/post"}],"author":[{"embeddable":true,"href":"https:\/\/zonaroja.com.mx\/index.php?rest_route=\/wp\/v2\/users\/2"}],"replies":[{"embeddable":true,"href":"https:\/\/zonaroja.com.mx\/index.php?rest_route=%2Fwp%2Fv2%2Fcomments&post=48850"}],"version-history":[{"count":1,"href":"https:\/\/zonaroja.com.mx\/index.php?rest_route=\/wp\/v2\/posts\/48850\/revisions"}],"predecessor-version":[{"id":48852,"href":"https:\/\/zonaroja.com.mx\/index.php?rest_route=\/wp\/v2\/posts\/48850\/revisions\/48852"}],"wp:featuredmedia":[{"embeddable":true,"href":"https:\/\/zonaroja.com.mx\/index.php?rest_route=\/wp\/v2\/media\/48851"}],"wp:attachment":[{"href":"https:\/\/zonaroja.com.mx\/index.php?rest_route=%2Fwp%2Fv2%2Fmedia&parent=48850"}],"wp:term":[{"taxonomy":"category","embeddable":true,"href":"https:\/\/zonaroja.com.mx\/index.php?rest_route=%2Fwp%2Fv2%2Fcategories&post=48850"},{"taxonomy":"post_tag","embeddable":true,"href":"https:\/\/zonaroja.com.mx\/index.php?rest_route=%2Fwp%2Fv2%2Ftags&post=48850"}],"curies":[{"name":"wp","href":"https:\/\/api.w.org\/{rel}","templated":true}]}}