{"id":48853,"date":"2022-12-04T07:23:04","date_gmt":"2022-12-04T13:23:04","guid":{"rendered":"http:\/\/www.zonaroja.com.mx\/?p=48853"},"modified":"2022-12-04T07:23:06","modified_gmt":"2022-12-04T13:23:06","slug":"reta-gobernador-morenista-a-la-seccion-22-y-designa-a-funcionario-represor","status":"publish","type":"post","link":"https:\/\/zonaroja.com.mx\/?p=48853","title":{"rendered":"Reta gobernador morenista a la Secci\u00f3n 22 y designa a funcionario \u201crepresor\u201d"},"content":{"rendered":"\n<p>Ismael Garc\u00eda M.\/Zona Roja.<\/p>\n\n\n\n<p>Oaxaca de Ju\u00e1rez, Oax., a 4 de diciembre de 2022.- El gobernador Salom\u00f3n Jara Cruz desoy\u00f3 la exigencia de la Secci\u00f3n 22 del Sindicato Nacional de Trabajadores de la Educaci\u00f3n (SNTE) y design\u00f3 a Alejandro Tejeda como director de la Polic\u00eda Auxiliar, Bancaria, Industrial y Comercial (PABIC).<\/p>\n\n\n\n<p>La v\u00edspera, la gremial, que march\u00f3 el 1 de diciembre para fijar su postura ante el mandatario surgido del Partido Morena, emiti\u00f3 un comunicado para denunciar que el hoy funcionario habr\u00eda participado en las llamadas \u201cCaravanas de la muerte\u201d durante la represi\u00f3n al magisterio en 2006.<\/p>\n\n\n\n<p>Ayer despu\u00e9s del mediod\u00eda, a tres d\u00edas de asumir el mandato, Jara Cruz present\u00f3 otro grupo de designaciones, en un acto efectuado en el Palacio de Gobierno, mientras en el exterior hubo m\u00faltiples inconformidades por parte de ind\u00edgenas triquis desalojados del exterior.<\/p>\n\n\n\n<p>En tanto, se dio el primer cese de un funcionario en el gabinete del mandatario, con el caso de William Bautista en el \u00e1rea de Comunicaci\u00f3n Social, quien fue suplido por Elizabeth \u00c1lvarez Acosta, sin revelarse los motivos.<\/p>\n\n\n\n<p>Otra de las designaciones que llam\u00f3 la atenci\u00f3n fue la de Emilio Montero P\u00e9rez -ex edil de Juchit\u00e1n, municipio con extrema violencia-, quien sin contar con la preparaci\u00f3n docente, fue colocado en el Instituto Estatal de Educaci\u00f3n P\u00fablica de Oaxaca, lo que duplica a la Secretar\u00eda de Educaci\u00f3n de la entidad, donde ya hab\u00eda sido nombrada la profesora Delfina Guzm\u00e1n.<\/p>\n\n\n\n<p>Adem\u00e1s, recicl\u00f3 a otro funcionario del gobierno priista de Alejandro Murat, al nombrar a Emilio de Leo en el Instituto para el Fomento y la Protecci\u00f3n de las Artesan\u00edas; en el sexenio anterior fue responsable de la Ciudad de los Archivos.<\/p>\n\n\n\n<p>OTROS NOMBRAMIENTOS<\/p>\n\n\n\n<p>Seg\u00fan un comunicado de prensa, Mois\u00e9s Salazar Mart\u00ednez, al frente de Caminos Bienestar (Cabien); Ver\u00f3nica Hern\u00e1ndez Gonz\u00e1lez, en el Colegio de Bachilleres del Estado de Oaxaca (Cobao); Blanca Luz Mart\u00ednez Guzm\u00e1n, al frente del Colegio de Estudios Cient\u00edficos y Tecnol\u00f3gicos del Estado de Oaxaca (Cecyte); y Ren\u00e9 V\u00e1squez Castillejos encabezar\u00e1 el Colegio Superior para la Educaci\u00f3n Integral Intercultural de Oaxaca.<\/p>\n\n\n\n<p>Mientras que Arturo de Jes\u00fas Ch\u00e1vez estar\u00e1 al frente del Instituto del Deporte (Indeporte);&nbsp;Raciel&nbsp;Cabrera Garc\u00eda, en la Comisi\u00f3n Estatal del Agua para el Bienestar (Ceabien); Magdalena Mar\u00eda Coello Castillo, en la Comisi\u00f3n Estatal Forestal (Coesfo); Mario Samuel Ceballos, en la Comisi\u00f3n Estatal para la Planeaci\u00f3n de Educaci\u00f3n Superior del Estado de Oaxaca; y Eulogio Daniel Hern\u00e1ndez, al frente de la Corporaci\u00f3n Oaxaque\u00f1a de Radio y Televisi\u00f3n (Cortv).<\/p>\n\n\n\n<p>Por otra parte, Mauro Cruz S\u00e1nchez asumir\u00e1 la Coordinaci\u00f3n Estatal de Protecci\u00f3n Civil y Gesti\u00f3n Integral de Riesgos; Marcelo Merino Garc\u00eda, estar\u00e1 al frente del Instituto de la Defensor\u00eda P\u00fablica del Estado de Oaxaca (IDPEO); Giovanni\u00a0Jahir\u00a0Rojas Pacheco, en el Instituto de Capacitaci\u00f3n y Productividad para el Trabajo del Estado de Oaxaca (Icapet); y Francisco Javier Salinas\u00a0Huergo, en el Instituto de Estudios de Bachillerato del Estado de Oaxaca (IEBO).<\/p>\n\n\n\n<figure class=\"wp-block-embed is-type-rich is-provider-twitter wp-block-embed-twitter\"><div class=\"wp-block-embed__wrapper\">\n<div class=\"twitter-tweet\"><blockquote class=\"twitter-tweet\" data-lang=\"es\"><p lang=\"es\" dir=\"ltr\">Tres d\u00edas despu\u00e9s de haber asumido el cargo, el gobernador <a href=\"https:\/\/twitter.com\/salomonj?ref_src=twsrc%5Etfw\">@salomonj<\/a> present\u00f3 una parte de los integrantes de su gabinete ampliado; el pr\u00f3ximo lunes dar\u00e1 a conocer el resto de los nombramientos. <a href=\"https:\/\/t.co\/6pXlHUhO4w\">pic.twitter.com\/6pXlHUhO4w<\/a><\/p>&mdash; Zona Roja Oaxaca (@ZonaRoja_Oaxaca) <a href=\"https:\/\/twitter.com\/ZonaRoja_Oaxaca\/status\/1599232498781024256?ref_src=twsrc%5Etfw\">4 de diciembre de 2022<\/a><\/blockquote><\/div>\n<\/div><\/figure>\n\n\n\n<p>Karina \u00c1ngeles Morales ser\u00e1 titular de la Comisi\u00f3n para la Regularizaci\u00f3n de la Tenencia de la Tierra Urbana del Estado de Oaxaca; Fernando Molina Herbert, en el Instituto del Patrimonio Cultural del Estado de Oaxaca; Rey Maga\u00f1a Garc\u00eda, dirigir\u00e1 el Instituto Estatal de Educaci\u00f3n para Adultos (IEEA); Emilio Montero P\u00e9rez, estar\u00e1 al frente del Instituto Estatal de Educaci\u00f3n P\u00fablica de Oaxaca (IEEPO); y Alejandro Jarqu\u00edn L\u00f3pez, en el Instituto Oaxaque\u00f1o Constructor de Infraestructura Educativa (Iocifed).<\/p>\n\n\n\n<p>Asimismo, Silverio \u00c1vila Mart\u00ednez asumi\u00f3 funciones en el Instituto de Atenci\u00f3n Integral al Migrante Oaxaque\u00f1o (IAIMO); Carlos Alberto&nbsp;Holder, en la Direcci\u00f3n General de Poblaci\u00f3n de Oaxaca (Digepo); Emilio de Leo en el Instituto para el Fomento y la Protecci\u00f3n de las Artesan\u00edas (IFPA); y Omar Juli\u00e1n&nbsp;Juli\u00e1n&nbsp;en el Monte de Piedad del Estado de Oaxaca.<\/p>\n\n\n\n<p>Finalmente, Pedro Alberto L\u00f3pez Garrido representar\u00e1 el Organismo Operador encargado de la Gesti\u00f3n y Manejo Integral de los Residuos S\u00f3lidos Urbanos y Manejo Especial del Estado de Oaxaca y Maribel Graciela Salinas asumir\u00e1 la direcci\u00f3n del Sistema para el Desarrollo Integral de la Familia del Estado de Oaxaca.<\/p>\n\n\n\n<p>\u00d3RGANOS DESCONCENTRADOS&nbsp;<\/p>\n\n\n\n<p>Respecto a los \u00f3rganos desconcentrados, Beatriz Montoya Acevedo, estar\u00e1 al frente de la Administraci\u00f3n del Patrimonio de la Beneficencia P\u00fablica del Estado de Oaxaca; Alejandro&nbsp;Edrey&nbsp;Tejada Morales, asumir\u00e1 la titularidad de la Polic\u00eda Auxiliar Bancaria, Industrial y Comercial (PABIC); Freddy L\u00f3pez&nbsp;Placencia, asumir\u00e1 la Coordinaci\u00f3n de Planeaci\u00f3n y Evaluaci\u00f3n para el Desarrollo Social de Oaxaca; y&nbsp;Alma Deysi Bautista Ramos, ser\u00e1 titular de la Secretar\u00eda Ejecutiva del Sistema Local de Protecci\u00f3n Integral de los Derechos de Ni\u00f1as, Ni\u00f1os y Adolescentes del Estado de Oaxaca.<\/p>\n\n\n\n<p>Por otra parte, Dulce Bel\u00e9n Uribe Mendoza estar\u00e1 al frente de la Direcci\u00f3n General del Registro Civil.<\/p>\n\n\n\n<p>ORGANISMOS AUXILIARES<\/p>\n\n\n\n<p>Finalmente, las y los titulares que rindieron protesta de ley al frente de los \u00f3rganos auxiliares de gobierno son: Irene Elizabeth \u00c1lvarez Acosta, al frente de la Coordinaci\u00f3n General de Comunicaci\u00f3n Social; Fernando S\u00e1nchez&nbsp;Ota\u00f1ez, en la Coordinaci\u00f3n General de Enlace Federal;&nbsp;Alcidez&nbsp;Guzm\u00e1n representar\u00e1 la Coordinaci\u00f3n General de Educaci\u00f3n Media Superior y Superior, Ciencias y Tecnolog\u00eda (CGEMSySCT); y Flor Estela Morales Hern\u00e1ndez, asumir\u00e1 la titularidad de la Coordinaci\u00f3n para la Atenci\u00f3n de los Derechos Humanos.<\/p>\n","protected":false},"excerpt":{"rendered":"<p>Ismael Garc\u00eda M.\/Zona Roja. Oaxaca de Ju\u00e1rez, Oax., a 4 de diciembre de 2022.- El&hellip;<\/p>\n","protected":false},"author":2,"featured_media":48854,"comment_status":"closed","ping_status":"open","sticky":false,"template":"","format":"standard","meta":{"_lmt_disableupdate":"","_lmt_disable":"","_jetpack_memberships_contains_paid_content":false,"footnotes":""},"categories":[109,47],"tags":[939],"class_list":["post-48853","post","type-post","status-publish","format-standard","has-post-thumbnail","hentry","category-minuto-a-minuto","category-zona-gris","tag-salomon-jara-cruz"],"jetpack_featured_media_url":"https:\/\/zonaroja.com.mx\/wp-content\/uploads\/2022\/12\/FOTO-Rinden-protesta-de-ley-las-y-los-funcionarios-que-estaran-al-frente-de-los-Organismos-Publicos-Descentralizados.jpg","jetpack_sharing_enabled":true,"_links":{"self":[{"href":"https:\/\/zonaroja.com.mx\/index.php?rest_route=\/wp\/v2\/posts\/48853","targetHints":{"allow":["GET"]}}],"collection":[{"href":"https:\/\/zonaroja.com.mx\/index.php?rest_route=\/wp\/v2\/posts"}],"about":[{"href":"https:\/\/zonaroja.com.mx\/index.php?rest_route=\/wp\/v2\/types\/post"}],"author":[{"embeddable":true,"href":"https:\/\/zonaroja.com.mx\/index.php?rest_route=\/wp\/v2\/users\/2"}],"replies":[{"embeddable":true,"href":"https:\/\/zonaroja.com.mx\/index.php?rest_route=%2Fwp%2Fv2%2Fcomments&post=48853"}],"version-history":[{"count":1,"href":"https:\/\/zonaroja.com.mx\/index.php?rest_route=\/wp\/v2\/posts\/48853\/revisions"}],"predecessor-version":[{"id":48855,"href":"https:\/\/zonaroja.com.mx\/index.php?rest_route=\/wp\/v2\/posts\/48853\/revisions\/48855"}],"wp:featuredmedia":[{"embeddable":true,"href":"https:\/\/zonaroja.com.mx\/index.php?rest_route=\/wp\/v2\/media\/48854"}],"wp:attachment":[{"href":"https:\/\/zonaroja.com.mx\/index.php?rest_route=%2Fwp%2Fv2%2Fmedia&parent=48853"}],"wp:term":[{"taxonomy":"category","embeddable":true,"href":"https:\/\/zonaroja.com.mx\/index.php?rest_route=%2Fwp%2Fv2%2Fcategories&post=48853"},{"taxonomy":"post_tag","embeddable":true,"href":"https:\/\/zonaroja.com.mx\/index.php?rest_route=%2Fwp%2Fv2%2Ftags&post=48853"}],"curies":[{"name":"wp","href":"https:\/\/api.w.org\/{rel}","templated":true}]}}