{"id":48856,"date":"2022-12-04T08:07:52","date_gmt":"2022-12-04T14:07:52","guid":{"rendered":"http:\/\/www.zonaroja.com.mx\/?p=48856"},"modified":"2022-12-04T08:07:54","modified_gmt":"2022-12-04T14:07:54","slug":"asesinan-a-primera-autoridad-municipal-en-sexenio-de-jara-cruz","status":"publish","type":"post","link":"https:\/\/zonaroja.com.mx\/?p=48856","title":{"rendered":"Asesinan a primera autoridad municipal en sexenio de Jara Cruz"},"content":{"rendered":"\n<p>Ismael Garc\u00eda M.\/Zona Roja.<\/p>\n\n\n\n<p>Oaxaca de Ju\u00e1rez, Oax., a 4 de diciembre de 2022.- Una autoridad municipal fue asesinada en el municipio de Santa Mar\u00eda Petapa, primer crimen de este tipo en el sexenio del gobernador Salom\u00f3n Jara Cruz.<\/p>\n\n\n\n<p>El ataque armado se registr\u00f3 ayer en el domicilio del agente municipal de Llano Suchiapa, perteneciente al municipio de Santa Mar\u00eda Petapa, en la regi\u00f3n del Istmo de Tehuantepec.<\/p>\n\n\n\n<p>La autoridad auxiliar Alberto Mijangos Villag\u00f3mez, de 44 a\u00f1os de edad, muri\u00f3 al instante tras recibir varios disparos de arma de fuego por parte de un comando que lleg\u00f3 su casa, en la calle Rep\u00fablica de Chile.<\/p>\n\n\n\n<p>La v\u00edctima era tambi\u00e9n intendente de la escuela primara \u201cJos\u00e9 Mar\u00eda Pino Su\u00e1rez\u201d y la ejecuci\u00f3n ocurri\u00f3 alrededor de las 16:00 horas.<\/p>\n\n\n\n<p>Los agresores huyeron sin que fueron buscados y polic\u00edas municipales llegaron al lugar del hecho s\u00f3lo para acordonar la escena del crimen.<\/p>\n\n\n\n<p>En el sitio hallaron casquillos percutidos de fusiles de asalto AR-15, del calibre .223 y pistolas, al parecer calibre 9 mm; asimismo, un \u201cnarcomensaje\u201d dirigido al agente municipal.<\/p>\n\n\n\n<p>IDENTIFICADOS<\/p>\n\n\n\n<p>Por otra parte, las otras dos v\u00edctimas asesinadas a balazos ayer, fueron identificadas legalmente.<\/p>\n\n\n\n<p>El asesinado en Salina Cruz respondi\u00f3 en vida al nombre de Javier R. O., de 48 a\u00f1os de edad, quien tuvo su domicilio en la colonia San Pablo Sur.<\/p>\n\n\n\n<p>Mientras que en Santa Maria Colotepec la v\u00edctima fue identificada como Andr\u00e9s M. M., de 36 a\u00f1os de edad, de ocupaci\u00f3n comerciante de pollos destazados.<\/p>\n","protected":false},"excerpt":{"rendered":"<p>Ismael Garc\u00eda M.\/Zona Roja. Oaxaca de Ju\u00e1rez, Oax., a 4 de diciembre de 2022.- Una&hellip;<\/p>\n","protected":false},"author":2,"featured_media":48857,"comment_status":"closed","ping_status":"open","sticky":false,"template":"","format":"standard","meta":{"_lmt_disableupdate":"","_lmt_disable":"","_jetpack_memberships_contains_paid_content":false,"footnotes":""},"categories":[109,51],"tags":[211],"class_list":["post-48856","post","type-post","status-publish","format-standard","has-post-thumbnail","hentry","category-minuto-a-minuto","category-zona-roja","tag-santa-maria-petapa"],"jetpack_featured_media_url":"https:\/\/zonaroja.com.mx\/wp-content\/uploads\/2022\/12\/asesinado-agente-municipal-Suchiapa-Petapa.jpg","jetpack_sharing_enabled":true,"_links":{"self":[{"href":"https:\/\/zonaroja.com.mx\/index.php?rest_route=\/wp\/v2\/posts\/48856","targetHints":{"allow":["GET"]}}],"collection":[{"href":"https:\/\/zonaroja.com.mx\/index.php?rest_route=\/wp\/v2\/posts"}],"about":[{"href":"https:\/\/zonaroja.com.mx\/index.php?rest_route=\/wp\/v2\/types\/post"}],"author":[{"embeddable":true,"href":"https:\/\/zonaroja.com.mx\/index.php?rest_route=\/wp\/v2\/users\/2"}],"replies":[{"embeddable":true,"href":"https:\/\/zonaroja.com.mx\/index.php?rest_route=%2Fwp%2Fv2%2Fcomments&post=48856"}],"version-history":[{"count":1,"href":"https:\/\/zonaroja.com.mx\/index.php?rest_route=\/wp\/v2\/posts\/48856\/revisions"}],"predecessor-version":[{"id":48858,"href":"https:\/\/zonaroja.com.mx\/index.php?rest_route=\/wp\/v2\/posts\/48856\/revisions\/48858"}],"wp:featuredmedia":[{"embeddable":true,"href":"https:\/\/zonaroja.com.mx\/index.php?rest_route=\/wp\/v2\/media\/48857"}],"wp:attachment":[{"href":"https:\/\/zonaroja.com.mx\/index.php?rest_route=%2Fwp%2Fv2%2Fmedia&parent=48856"}],"wp:term":[{"taxonomy":"category","embeddable":true,"href":"https:\/\/zonaroja.com.mx\/index.php?rest_route=%2Fwp%2Fv2%2Fcategories&post=48856"},{"taxonomy":"post_tag","embeddable":true,"href":"https:\/\/zonaroja.com.mx\/index.php?rest_route=%2Fwp%2Fv2%2Ftags&post=48856"}],"curies":[{"name":"wp","href":"https:\/\/api.w.org\/{rel}","templated":true}]}}