{"id":48859,"date":"2022-12-04T11:16:00","date_gmt":"2022-12-04T17:16:00","guid":{"rendered":"http:\/\/www.zonaroja.com.mx\/?p=48859"},"modified":"2022-12-04T08:17:20","modified_gmt":"2022-12-04T14:17:20","slug":"pone-en-marcha-santa-lucia-del-camino-estrategia-ayudar-es-de-valientes","status":"publish","type":"post","link":"https:\/\/zonaroja.com.mx\/?p=48859","title":{"rendered":"Pone en marcha Santa Luc\u00eda del Camino estrategia \u201cAyudar es de valientes\u201d"},"content":{"rendered":"\n<p>Redacci\u00f3n\/Zona Roja.<\/p>\n\n\n\n<p>Oaxaca de Ju\u00e1rez, Oax., a 4 de diciembre de 2022.- Con el lema \u201cAyudar es don de Valientes\u201d, el presidente municipal de Santa Luc\u00eda del Camino, Juan Carlos Garc\u00eda M\u00e1rquez, y su esposa Bety Santos, presidenta honoraria del DIF municipal, encabezaron la entrega de sillas de ruedas a ciudadanos que tienen una discapacidad; esto, en el marco del D\u00eda Internacional de las Personas con Discapacidad.&nbsp;<\/p>\n\n\n\n<p>En su intervenci\u00f3n, el edil se\u00f1al\u00f3 que desde el principio de su administraci\u00f3n se tiene la meta de apoyar a todos, en especial a los grupos vulnerables, que existen en el municipio; por lo que \u201chemos buscado y gestionado apoyos con los cuales ofrecerles una ayuda que mejore su calidad de vida\u201d. &nbsp;<\/p>\n\n\n\n<p>\u201cEn esta ocasi\u00f3n, gracias a la gesti\u00f3n de los recursos del ramo 28 estamos entregando estas sillas de ruedas, con el compromiso que durante mi gobierno el apoyo ser\u00e1 constante, por lo que he girado instrucciones al DIF Municipal, para iniciar un censo que nos aclare cu\u00e1ntas personas padecen alg\u00fan tipo de discapacidad en Santa Luc\u00eda del Camino, as\u00ed como, cu\u00e1les son los tipos de discapacidades que presentan\u201d, afirm\u00f3 el mun\u00edcipe. &nbsp;<\/p>\n\n\n\n<p>Por su parte, la presidenta honoraria del DIF Municipal agradeci\u00f3 a su esposo y edil la donaci\u00f3n de la sillas de ruedas, y se comprometi\u00f3 a seguir trabajando en favor de quienes m\u00e1s lo necesitan; en tanto, ofreci\u00f3 a todas las familias de la municipalidad los servicios con los que cuenta la instituci\u00f3n que preside de manera honoraria.<\/p>\n\n\n\n<p>ENTREGAN OBRA<\/p>\n\n\n\n<p>Por otra parte, Garc\u00eda M\u00e1rquez, realiz\u00f3 la entrega de la obra de pavimentaci\u00f3n con concreto hidr\u00e1ulico, de las calles Tur\u00edn y Sicilia, ubicadas en la colonia Roma. &nbsp;<\/p>\n\n\n\n<p>Dicha obra p\u00fablica consta de mil 373 metros de pavimentaci\u00f3n y 442 metros de guarnici\u00f3n, los cuales \u201cayudar\u00e1n a mejorar las condiciones de vida de este asentamiento, que hab\u00eda sido olvidado por muchos a\u00f1os\u201d, afirm\u00f3 el mun\u00edcipe, luego del evento del corte de list\u00f3n. &nbsp;<\/p>\n\n\n\n<p>Durante su intervenci\u00f3n, el edil recalc\u00f3 que est\u00e1s obras mejoran la calidad de vida de las y los ciudadanos; as\u00ed como a embellecer las vialidades del municipio. &nbsp;<\/p>\n\n\n\n<p>Finalmente, invit\u00f3 el pr\u00f3ximo s\u00e1bado a su Primer Informe de Gobierno, que se realizar\u00e1 a las 18:00 horas.<\/p>\n","protected":false},"excerpt":{"rendered":"<p>Redacci\u00f3n\/Zona Roja. Oaxaca de Ju\u00e1rez, Oax., a 4 de diciembre de 2022.- Con el lema&hellip;<\/p>\n","protected":false},"author":2,"featured_media":48860,"comment_status":"closed","ping_status":"open","sticky":false,"template":"","format":"standard","meta":{"_lmt_disableupdate":"","_lmt_disable":"","_jetpack_memberships_contains_paid_content":false,"footnotes":""},"categories":[109,46],"tags":[337],"class_list":["post-48859","post","type-post","status-publish","format-standard","has-post-thumbnail","hentry","category-minuto-a-minuto","category-zona-blanca","tag-santa-lucia-del-camino"],"jetpack_featured_media_url":"https:\/\/zonaroja.com.mx\/wp-content\/uploads\/2022\/12\/Santa-Lucia-del-Camino.jpeg","jetpack_sharing_enabled":true,"_links":{"self":[{"href":"https:\/\/zonaroja.com.mx\/index.php?rest_route=\/wp\/v2\/posts\/48859","targetHints":{"allow":["GET"]}}],"collection":[{"href":"https:\/\/zonaroja.com.mx\/index.php?rest_route=\/wp\/v2\/posts"}],"about":[{"href":"https:\/\/zonaroja.com.mx\/index.php?rest_route=\/wp\/v2\/types\/post"}],"author":[{"embeddable":true,"href":"https:\/\/zonaroja.com.mx\/index.php?rest_route=\/wp\/v2\/users\/2"}],"replies":[{"embeddable":true,"href":"https:\/\/zonaroja.com.mx\/index.php?rest_route=%2Fwp%2Fv2%2Fcomments&post=48859"}],"version-history":[{"count":1,"href":"https:\/\/zonaroja.com.mx\/index.php?rest_route=\/wp\/v2\/posts\/48859\/revisions"}],"predecessor-version":[{"id":48861,"href":"https:\/\/zonaroja.com.mx\/index.php?rest_route=\/wp\/v2\/posts\/48859\/revisions\/48861"}],"wp:featuredmedia":[{"embeddable":true,"href":"https:\/\/zonaroja.com.mx\/index.php?rest_route=\/wp\/v2\/media\/48860"}],"wp:attachment":[{"href":"https:\/\/zonaroja.com.mx\/index.php?rest_route=%2Fwp%2Fv2%2Fmedia&parent=48859"}],"wp:term":[{"taxonomy":"category","embeddable":true,"href":"https:\/\/zonaroja.com.mx\/index.php?rest_route=%2Fwp%2Fv2%2Fcategories&post=48859"},{"taxonomy":"post_tag","embeddable":true,"href":"https:\/\/zonaroja.com.mx\/index.php?rest_route=%2Fwp%2Fv2%2Ftags&post=48859"}],"curies":[{"name":"wp","href":"https:\/\/api.w.org\/{rel}","templated":true}]}}